{"id":8691,"date":"2016-10-17T23:22:42","date_gmt":"2016-10-18T05:22:42","guid":{"rendered":"http:\/\/www.noticiashondurashn.com\/?p=8691"},"modified":"2016-10-17T23:22:42","modified_gmt":"2016-10-18T05:22:42","slug":"hondurena-preside-foro-euro-latinoamericano-de-la-mujer-indigena","status":"publish","type":"post","link":"https:\/\/www.noticiashondurashn.com\/?p=8691","title":{"rendered":"Hondure\u00f1a preside foro Euro Latinoamericano de la Mujer Ind\u00edgena"},"content":{"rendered":"<p>Una hondure\u00f1a ocupar\u00e1 la presidencia del Foro Euro Latinoamericano de la Mujer Ind\u00edgena, cargo que pone muy en alto el buen nombre de Honduras, inform\u00f3 hoy el gobierno, en un comunicado.<\/p>\n<p>La presidencia del Foro Euro Latinoamericano de la Mujer Ind\u00edgena recay\u00f3 en la hondure\u00f1a Gloria L\u00f3pez Corea, durante la asamblea de dicha instancia que se realiz\u00f3 en septiembre pasado en Montevideo, Uruguay en el marco de la asamblea del Foro Latinoamericano de la Mujer, que hasta el pasado 22 de septiembre fue presidido por la tambi\u00e9n hondure\u00f1a Miriam Suazo de Pacheco.<\/p>\n<p>En la sesi\u00f3n plenaria, que dur\u00f3 cuatro d\u00edas, se discuti\u00f3 sobre aspectos de suma importancia para la mujer latinoamericana, como la violencia de g\u00e9nero y el empoderamiento pol\u00edtico y econ\u00f3mico de las mujeres.<\/p>\n<p>La mayor\u00eda de los grupos ind\u00edgenas en Honduras viven principalmente en los departamentos con mayor incidencia de la pobreza, como la paz, Lempira, Intibuc\u00e1 y Gracias a Dios. La poblaci\u00f3n \u00e9tnica pertenece a los grupos m\u00e1s vulnerables del pa\u00eds presentando desigualdad en materia educativa y de salud.      <\/p>\n<p>Algunos grupos \u00e9tnicos ven en aumento las amenazas a sus condiciones tradicionales de vida, a ra\u00edz del avance r\u00e1pido del frente de colonizaci\u00f3n agr\u00edcola, ganadera, actividades forestales, industria minera y empresas generadoras de energ\u00eda.<\/p>\n","protected":false},"excerpt":{"rendered":"<p>Una hondure\u00f1a ocupar\u00e1 la presidencia del Foro Euro Latinoamericano de la Mujer Ind\u00edgena, cargo que pone muy en alto el<\/p>\n","protected":false},"author":1,"featured_media":8692,"comment_status":"open","ping_status":"open","sticky":false,"template":"","format":"standard","meta":[],"categories":[13,18],"tags":[78,3,85,69],"_links":{"self":[{"href":"https:\/\/www.noticiashondurashn.com\/index.php?rest_route=\/wp\/v2\/posts\/8691"}],"collection":[{"href":"https:\/\/www.noticiashondurashn.com\/index.php?rest_route=\/wp\/v2\/posts"}],"about":[{"href":"https:\/\/www.noticiashondurashn.com\/index.php?rest_route=\/wp\/v2\/types\/post"}],"author":[{"embeddable":true,"href":"https:\/\/www.noticiashondurashn.com\/index.php?rest_route=\/wp\/v2\/users\/1"}],"replies":[{"embeddable":true,"href":"https:\/\/www.noticiashondurashn.com\/index.php?rest_route=%2Fwp%2Fv2%2Fcomments&post=8691"}],"version-history":[{"count":1,"href":"https:\/\/www.noticiashondurashn.com\/index.php?rest_route=\/wp\/v2\/posts\/8691\/revisions"}],"predecessor-version":[{"id":8693,"href":"https:\/\/www.noticiashondurashn.com\/index.php?rest_route=\/wp\/v2\/posts\/8691\/revisions\/8693"}],"wp:featuredmedia":[{"embeddable":true,"href":"https:\/\/www.noticiashondurashn.com\/index.php?rest_route=\/wp\/v2\/media\/8692"}],"wp:attachment":[{"href":"https:\/\/www.noticiashondurashn.com\/index.php?rest_route=%2Fwp%2Fv2%2Fmedia&parent=8691"}],"wp:term":[{"taxonomy":"category","embeddable":true,"href":"https:\/\/www.noticiashondurashn.com\/index.php?rest_route=%2Fwp%2Fv2%2Fcategories&post=8691"},{"taxonomy":"post_tag","embeddable":true,"href":"https:\/\/www.noticiashondurashn.com\/index.php?rest_route=%2Fwp%2Fv2%2Ftags&post=8691"}],"curies":[{"name":"wp","href":"https:\/\/api.w.org\/{rel}","templated":true}]}}