{"id":7539,"date":"2016-04-19T15:50:47","date_gmt":"2016-04-19T21:50:47","guid":{"rendered":"http:\/\/www.noticiashondurashn.com\/?p=7539"},"modified":"2016-04-19T15:50:47","modified_gmt":"2016-04-19T21:50:47","slug":"piden-investigar-inadecuada-respuesta-policial-marcha-pro-berta-caceres","status":"publish","type":"post","link":"https:\/\/www.noticiashondurashn.com\/?p=7539","title":{"rendered":"Piden investigar \u00abinadecuada respuesta policial\u00bb en marcha pro Berta C\u00e1ceres"},"content":{"rendered":"<p>La Organizaci\u00f3n Mundial contra la Tortura y la Federaci\u00f3n Internacional de Derechos Humanos (FIDH) pidieron que se investigue la \"inadecuada respuesta policial\" en la marcha del pasado viernes en Tegucigalpa en solidaridad con la defensora de derechos humanos Berta C\u00e1ceres, asesinada en marzo.<\/p>\n<p>Seg\u00fan el Observatorio para la Protecci\u00f3n de los Defensores de los Derechos Humanos, que depende de esas organizaciones, un grupo de manifestantes fue agredido por un grupo de trabajadores de la empresa Desarrollos Energ\u00e9ticos S.A. (DESA), sin que la polic\u00eda interviniera adecuadamente.<\/p>\n<p>\"La d\u00e9bil presencia policial para hacer frente al peligro que representaba el numeroso grupo de personas armadas con machetes y en actitud extremadamente violenta contrasta (...) con lo intimidatorio del enorme despliegue que los manifestantes pac\u00edficos de la caravana pudieron observar a largo de su desplazamiento\", se\u00f1alaron ambas organizaciones en un comunicado.<\/p>\n<p>Esos enfrentamientos causaron \"una decena\" de personas heridas \"tras ser atacadas con palos y piedras por el mismo grupo de personas, algunas en evidente estado de ebriedad\", agreg\u00f3 el Observatorio.<\/p>\n<p>\"Seg\u00fan testigos, las agresiones tuvieron lugar a la vista de una decena de miembros de las fuerzas de seguridad que no actuaron hasta que otros participantes de la caravana les insistieron para que lo hicieran\", subray\u00f3.<\/p>\n<p>El presidente de la FIDH, Karim Lahidji, reclam\u00f3 \"una investigaci\u00f3n inmediata, imparcial y exhaustiva sobre los ataques y las amenazas realizados por parte de los agresores, pero tambi\u00e9n sobre el desproporcionado dispositivo policial\".<\/p>\n","protected":false},"excerpt":{"rendered":"<p>La Organizaci\u00f3n Mundial contra la Tortura y la Federaci\u00f3n Internacional de Derechos Humanos (FIDH) pidieron que se investigue la \"inadecuada<\/p>\n","protected":false},"author":1,"featured_media":7538,"comment_status":"open","ping_status":"open","sticky":false,"template":"","format":"standard","meta":[],"categories":[88,13],"tags":[78,70,57,8,3,48],"_links":{"self":[{"href":"https:\/\/www.noticiashondurashn.com\/index.php?rest_route=\/wp\/v2\/posts\/7539"}],"collection":[{"href":"https:\/\/www.noticiashondurashn.com\/index.php?rest_route=\/wp\/v2\/posts"}],"about":[{"href":"https:\/\/www.noticiashondurashn.com\/index.php?rest_route=\/wp\/v2\/types\/post"}],"author":[{"embeddable":true,"href":"https:\/\/www.noticiashondurashn.com\/index.php?rest_route=\/wp\/v2\/users\/1"}],"replies":[{"embeddable":true,"href":"https:\/\/www.noticiashondurashn.com\/index.php?rest_route=%2Fwp%2Fv2%2Fcomments&post=7539"}],"version-history":[{"count":1,"href":"https:\/\/www.noticiashondurashn.com\/index.php?rest_route=\/wp\/v2\/posts\/7539\/revisions"}],"predecessor-version":[{"id":7540,"href":"https:\/\/www.noticiashondurashn.com\/index.php?rest_route=\/wp\/v2\/posts\/7539\/revisions\/7540"}],"wp:featuredmedia":[{"embeddable":true,"href":"https:\/\/www.noticiashondurashn.com\/index.php?rest_route=\/wp\/v2\/media\/7538"}],"wp:attachment":[{"href":"https:\/\/www.noticiashondurashn.com\/index.php?rest_route=%2Fwp%2Fv2%2Fmedia&parent=7539"}],"wp:term":[{"taxonomy":"category","embeddable":true,"href":"https:\/\/www.noticiashondurashn.com\/index.php?rest_route=%2Fwp%2Fv2%2Fcategories&post=7539"},{"taxonomy":"post_tag","embeddable":true,"href":"https:\/\/www.noticiashondurashn.com\/index.php?rest_route=%2Fwp%2Fv2%2Ftags&post=7539"}],"curies":[{"name":"wp","href":"https:\/\/api.w.org\/{rel}","templated":true}]}}