{"id":7139,"date":"2016-02-25T17:59:43","date_gmt":"2016-02-25T23:59:43","guid":{"rendered":"http:\/\/www.noticiashondurashn.com\/?p=7139"},"modified":"2016-02-25T17:59:43","modified_gmt":"2016-02-25T23:59:43","slug":"7139-2","status":"publish","type":"post","link":"https:\/\/www.noticiashondurashn.com\/?p=7139","title":{"rendered":"Implementar\u00e0n programa de vacaciones creativas para prevenir violencia"},"content":{"rendered":"<p id=\"yui_3_16_0_1_1456443751604_6519\"><span id=\"yui_3_16_0_1_1456443751604_6518\">Para propiciar nuevos espacios de manera que los j\u00f3venes vuelvan a las calles a hacer arte y deporte, la alcald\u00eca de San Pedro Sula, \u00a0trabaja en programa denominado \"Vacaciones creativas y recreativas\"<b>,<\/b><\/span><span id=\"yui_3_16_0_1_1456443751604_6520\">\u00a0apoyado por el Programa de Naciones Unidas para el Desarrollo (PNUD).\u00a0<u><\/u><\/span><\/p>\n<p id=\"yui_3_16_0_1_1456443751604_6530\"><span id=\"yui_3_16_0_1_1456443751604_6529\">\u201cEl objetivo es que estos j\u00f3venes se conviertan en facilitadores municipales y que en conjunto hagan un equipo con organizaciones no gubernamentales para poder hacer estructuras dentro de las comunidades y formar m\u00e1s j\u00f3venes en la recreaci\u00f3n y llevar esa recreaci\u00f3n con valores a los diferentes barrios y colonias\u201d, manifest\u00f2 Max Gonzales, director de Prevenci\u00f3n de la\u00a0Gerencia de Prevenci\u00f3n, Seguridad y Transporte.<\/span><\/p>\n<p><span id=\"yui_3_16_0_1_1456443751604_6529\">Explic\u00f3 que la alcald\u00eca sampedrana gracias a la cooperaci\u00f3n del PNUD particip\u00f3 en un taller de facilitadores en el municipio de Comayagua donde expositores de Colombia vinieron a entrenarlos y formarlos para la parte de recreaci\u00f3n educativa y deportiva para poderlo aplicar el programa en el que se est\u00e1 trabajando.<u><\/u><u><\/u><\/span><\/p>\n<p id=\"yui_3_16_0_1_1456443751604_6533\"><span id=\"yui_3_16_0_1_1456443751604_6532\">Agreg\u00f3 que realizaran un taller en San Pedro Sula para formar facilitares y tener replicas y abarcar todo el municipio, los que se re<\/span>alizaran durante las vacaciones o los fines de semana ya que tiene como prop\u00f3sito utilizar la recreaci\u00f3n, el arte y deporte como herramienta de prevenci\u00f3n de la violencia y reinserci\u00f3n social.<u><\/u><u><\/u><\/p>\n<p>Por su parte, Karla Posas, encargada en el tema de la juventud del PNUD, manifest\u00f3 que est\u00e1n d\u00e1ndole seguimiento a una iniciativa que se viene desarrollando en los municipios con alta incidencia en el tema de la violencia denominado \u201cVacaciones Creativas y Recreativas\u201d que es un proceso nuevo en el que se ha trabajado en la formaci\u00f3n de facilitadores de j\u00f3venes y de personas de diferentes instituciones.<u><\/u><u><\/u><\/p>\n<p id=\"yui_3_16_0_1_1456443751604_6558\"><span id=\"yui_3_16_0_1_1456443751604_6557\">A\u00f1adi\u00f3 que este es un programa que pretende utilizar el arte y deporte para prevenir la violencia y fomentar valores, ya que detr\u00e1s cada juego hay un tema de formaci\u00f3n en valores, en principios y en convivencia.<u><\/u><u><\/u><\/span><\/p>\n<p id=\"yui_3_16_0_1_1456443751604_6548\"><span id=\"yui_3_16_0_1_1456443751604_6556\">Posas indic\u00f3 que la alcald\u00eda trabajar\u00e1 en formar m\u00e1s facilitadores y una vez constituido este grupo en recreaci\u00f3n se comenzar\u00e1 a trabajar en los barrios y colonias donde se llevar\u00e1 a cabo una primera r\u00e9plica.<\/span><\/p>\n","protected":false},"excerpt":{"rendered":"<p>Para propiciar nuevos espacios de manera que los j\u00f3venes vuelvan a las calles a hacer arte y deporte, la alcald\u00eca<\/p>\n","protected":false},"author":1,"featured_media":7141,"comment_status":"open","ping_status":"open","sticky":false,"template":"","format":"standard","meta":[],"categories":[14],"tags":[78,7,40,77],"_links":{"self":[{"href":"https:\/\/www.noticiashondurashn.com\/index.php?rest_route=\/wp\/v2\/posts\/7139"}],"collection":[{"href":"https:\/\/www.noticiashondurashn.com\/index.php?rest_route=\/wp\/v2\/posts"}],"about":[{"href":"https:\/\/www.noticiashondurashn.com\/index.php?rest_route=\/wp\/v2\/types\/post"}],"author":[{"embeddable":true,"href":"https:\/\/www.noticiashondurashn.com\/index.php?rest_route=\/wp\/v2\/users\/1"}],"replies":[{"embeddable":true,"href":"https:\/\/www.noticiashondurashn.com\/index.php?rest_route=%2Fwp%2Fv2%2Fcomments&post=7139"}],"version-history":[{"count":2,"href":"https:\/\/www.noticiashondurashn.com\/index.php?rest_route=\/wp\/v2\/posts\/7139\/revisions"}],"predecessor-version":[{"id":7142,"href":"https:\/\/www.noticiashondurashn.com\/index.php?rest_route=\/wp\/v2\/posts\/7139\/revisions\/7142"}],"wp:featuredmedia":[{"embeddable":true,"href":"https:\/\/www.noticiashondurashn.com\/index.php?rest_route=\/wp\/v2\/media\/7141"}],"wp:attachment":[{"href":"https:\/\/www.noticiashondurashn.com\/index.php?rest_route=%2Fwp%2Fv2%2Fmedia&parent=7139"}],"wp:term":[{"taxonomy":"category","embeddable":true,"href":"https:\/\/www.noticiashondurashn.com\/index.php?rest_route=%2Fwp%2Fv2%2Fcategories&post=7139"},{"taxonomy":"post_tag","embeddable":true,"href":"https:\/\/www.noticiashondurashn.com\/index.php?rest_route=%2Fwp%2Fv2%2Ftags&post=7139"}],"curies":[{"name":"wp","href":"https:\/\/api.w.org\/{rel}","templated":true}]}}