{"id":6642,"date":"2015-12-02T22:30:00","date_gmt":"2015-12-03T04:30:00","guid":{"rendered":"http:\/\/www.noticiashondurashn.com\/?p=6642"},"modified":"2015-12-02T22:30:29","modified_gmt":"2015-12-03T04:30:29","slug":"san-pedro-sula-realiza-la-feria-navidena-a-beneficio-de-cruz-roja","status":"publish","type":"post","link":"https:\/\/www.noticiashondurashn.com\/?p=6642","title":{"rendered":"San Pedro Sula realiza la Feria Navide\u00f1a a beneficio de Cruz Roja"},"content":{"rendered":"<p>Con el prop\u00f3sito de contribuir al sano entretenimiento de la familia sampedrana  y ayudar a la Cruz Roja Hondure\u00f1a, la alcald\u00eda realiza a partir de este jueves \u201cLa Feria Navide\u00f1a 2015\u201d en las instalaciones de la 105 Brigada de esta ciudad.<\/p>\n<p>El alcalde Armando Calidonio, junto al presidente de la Cruz Roja Hondure\u00f1a, H\u00e9ctor Javier Rodr\u00edguez, en conferencia anunci\u00f3 que esta actividad se desarrollar\u00e1 del 3 al 20 de diciembre a fin de brindarle a la gran familia sampedrana acciones recreativas durante las festividades navide\u00f1as y a la vez apoyar a esta noble instituci\u00f3n.<\/p>\n<p>Calidonio invit\u00f3 a todos los sampedranos para que apoyen esta noble causa asistiendo todos estos d\u00edas a la Plaza Navide\u00f1a, donde la pasar\u00e1n muy bien, en familia y en un ambiente amplio y seguro, y que adem\u00e1s para los ni\u00f1os y ni\u00f1as la entrada es gratuita a la Plaza Navide\u00f1a, mientras que los adultos aportar\u00e1n 50 lempiras como donaci\u00f3n.<\/p>\n<p>Los fondos que se recauden por el ingreso a esta plaza ser\u00e1n para ayudar a la Cruz Roja, dijo el alcalde tras se\u00f1alar que las familias adem\u00e1s de recrearse sanamente, podr\u00e1n ser solidarias con este tipo de organizaciones.<\/p>\n<p>Asimismo, apunt\u00f3 que esta acci\u00f3n marca el inicio de lo que ser\u00e1 una tradici\u00f3n en San Pedro Sula, ya que para el 2016 promete ser mejor con el apoyo de todos los sampedranos.<\/p>\n<p>Mientras que H\u00e9ctor Javier Rodr\u00edguez de la Cruz Roja, agradeci\u00f3 al alcalde Armando Calidonio por llevar a cabo esta Feria Navide\u00f1a, que permitir\u00e1 generar recursos para ayudar a responder a las grandes necesidades que tiene la Cruz Roja.<\/p>\n<p>Destac\u00f3 que la comuna sampedrana ha venido apoyando de manera constante a este organismo, como parte de su proyecci\u00f3n social hacia los m\u00e1s necesitados y exhort\u00f3 a la poblaci\u00f3n a participar en la Feria Navide\u00f1a y disfrutar de todas las actividades y espacios dispuestos en la Plaza Navide\u00f1a, pues con su contribuci\u00f3n estar\u00e1n salvando muchas vidas.<\/p>\n<p>Explic\u00f3 que los fondos recaudados en la Feria Navide\u00f1a se destinar\u00e1n al mejoramiento del servicio de ambulancias y a la adquisici\u00f3n de insumos necesarios para atender a la poblaci\u00f3n en casos de emergencia.<\/p>\n<p>Durante esos d\u00edas se realizar\u00e1n noches de karakoe y de pel\u00edculas, con palomitas gratis para los infantes, presentaciones especiales con orquestas y bandas nacionales como Los Roland, Kazzabe, Delicias, Gran Banda, Osmosis, Uni\u00f3n Rock FYLO, Energ\u00eda y Los Cheles. Igualmente la participaci\u00f3n de la banda La Sonora Dinamita de El Salvador y un show de fuegos pirot\u00e9cnicos.<\/p>\n<p>Tambi\u00e9n se realizar\u00e1 el concierto con el artista internacional Elvis Crespo que se llevar\u00e1 a cabo el 12 de diciembre, ese d\u00eda la donaci\u00f3n es de 500 lempiras por persona.<\/p>\n<p>Tambi\u00e9n se habilitar\u00e1 una \u00e1rea infantil donde habr\u00e1 una pista de hielo sint\u00e9tico, habr\u00e1n casetas de venta de comida y un stand de realidad virtual, entre otros.<\/p>\n","protected":false},"excerpt":{"rendered":"<p>Con el prop\u00f3sito de contribuir al sano entretenimiento de la familia sampedrana y ayudar a la Cruz Roja Hondure\u00f1a, la<\/p>\n","protected":false},"author":1,"featured_media":6641,"comment_status":"open","ping_status":"open","sticky":false,"template":"","format":"standard","meta":[],"categories":[14],"tags":[78,3,69,5,77],"_links":{"self":[{"href":"https:\/\/www.noticiashondurashn.com\/index.php?rest_route=\/wp\/v2\/posts\/6642"}],"collection":[{"href":"https:\/\/www.noticiashondurashn.com\/index.php?rest_route=\/wp\/v2\/posts"}],"about":[{"href":"https:\/\/www.noticiashondurashn.com\/index.php?rest_route=\/wp\/v2\/types\/post"}],"author":[{"embeddable":true,"href":"https:\/\/www.noticiashondurashn.com\/index.php?rest_route=\/wp\/v2\/users\/1"}],"replies":[{"embeddable":true,"href":"https:\/\/www.noticiashondurashn.com\/index.php?rest_route=%2Fwp%2Fv2%2Fcomments&post=6642"}],"version-history":[{"count":1,"href":"https:\/\/www.noticiashondurashn.com\/index.php?rest_route=\/wp\/v2\/posts\/6642\/revisions"}],"predecessor-version":[{"id":6643,"href":"https:\/\/www.noticiashondurashn.com\/index.php?rest_route=\/wp\/v2\/posts\/6642\/revisions\/6643"}],"wp:featuredmedia":[{"embeddable":true,"href":"https:\/\/www.noticiashondurashn.com\/index.php?rest_route=\/wp\/v2\/media\/6641"}],"wp:attachment":[{"href":"https:\/\/www.noticiashondurashn.com\/index.php?rest_route=%2Fwp%2Fv2%2Fmedia&parent=6642"}],"wp:term":[{"taxonomy":"category","embeddable":true,"href":"https:\/\/www.noticiashondurashn.com\/index.php?rest_route=%2Fwp%2Fv2%2Fcategories&post=6642"},{"taxonomy":"post_tag","embeddable":true,"href":"https:\/\/www.noticiashondurashn.com\/index.php?rest_route=%2Fwp%2Fv2%2Ftags&post=6642"}],"curies":[{"name":"wp","href":"https:\/\/api.w.org\/{rel}","templated":true}]}}