{"id":5621,"date":"2015-07-23T15:40:00","date_gmt":"2015-07-23T21:40:00","guid":{"rendered":"http:\/\/www.noticiashondurashn.com\/?p=5621"},"modified":"2015-07-23T15:40:26","modified_gmt":"2015-07-23T21:40:26","slug":"union-europea-apoya-protestas-pacificas-contra-la-corrupcion","status":"publish","type":"post","link":"https:\/\/www.noticiashondurashn.com\/?p=5621","title":{"rendered":"Uni\u00f3n Europea apoya protestas pac\u00edficas contra la corrupci\u00f3n"},"content":{"rendered":"<p>Los embajadores de Espa\u00f1a, Alemania, Francia y de la Uni\u00f3n Europea, Miguel Alberto Su\u00e1rez, Beatrix Kania, Phillippe Ardanz y Ketil Karlsen, respectivamente se pronunciaron a favor de las protestas pac\u00edficas en contra de la corrupci\u00f3n y la impunidad.<br \/>\nEn un comunicado la representaci\u00f3n diplom\u00e1tica de esos pa\u00edses afirman que \"las protestas pac\u00ed\ufb01cas en contra de la corrupci\u00f3n constituyen una forma democr\u00e1tica de expresi\u00f3n ciudadana. Es vital que los casos pendientes de corrupci\u00f3n no queden impunes. Asimismo, es nuestra esperanza que el sistema judicial investigue, juzgue y castigue a los culpables de corrupci\u00f3n independientemente de quien se trate\".<br \/>\nPor otra parte, destaca los avances positivos en Honduras, como el acuerdo \ufb01rmado con Transparencia Internacional y la decisi\u00f3n de abrir una O\ufb01cina del Alto Comisionado para los Derechos Humanos, \"aunque es a la vez necesario subrayar que todav\u00eda falta mucho por hacer. La implementaci\u00f3n e\ufb01caz de los acuerdos es clave\".<br \/>\nLos embajadores ven con satisfacci\u00f3n las llamadas para profundizar el dialogo en el pa\u00eds y \"sin duda, es vital encontrar soluciones consensuadas a los desaf\u00edos. En este sentido, miramos la situaci\u00f3n actual como una oportunidad para lograr cambios positivos, incluyendo un mayor acceso a la justicia e instalaci\u00f3n de mecanismos e\ufb01cientes, para garantizar la transparencia en la \ufb01nanciaci\u00f3n de los partidos pol\u00edticos siendo ambas recomendaciones claves de la misi\u00f3n de observaci\u00f3n electoral de la UE de 2013\".<br \/>\nA la vez los representantes europeos llaman a todos a que respeten las instituciones democr\u00e1ticas y \"expresamos nuestro deseo que, a trav\u00e9s de estas instituciones, se puedan encontrar soluciones sostenibles y e\ufb01caces a los desaf\u00edos que enfrenta el pa\u00eds\".<br \/>\nReiteran la disponibilidad para continuar trabajando con todos los actores en el tema de lucha contra la corrupci\u00f3n e impunidad, \"seguros de que el di\u00e1logo y la cooperaci\u00f3n ayudar\u00e1n al pueblo hondure\u00f1o a seguir promoviendo una sociedad caracterizada por instituciones fortalecidas, mayor transparencia, acceso ajusticia, respeto a los derechos humanos y democracia\".<br \/>\nFinalmente establecen que la Uni\u00f3n Europea (UE) y el gobiemo de Honduras han identi\ufb01cado al Estado de Derecho como un sector focal de cooperaci\u00f3n y \"apoyamos conjuntamente desde hace tiempo distintas iniciativas importantes para promover la transparencia. El combate contra la corrupci\u00f3n y la impunidad pasan entre otros por el fortalecimiento de las instituciones judiciales del pa\u00eds, objetivo que el programa de Eurojusticia promueve con un presupuesto total de 31 millones de euros\".<\/p>\n","protected":false},"excerpt":{"rendered":"<p>Los embajadores de Espa\u00f1a, Alemania, Francia y de la Uni\u00f3n Europea, Miguel Alberto Su\u00e1rez, Beatrix Kania, Phillippe Ardanz y Ketil<\/p>\n","protected":false},"author":1,"featured_media":5620,"comment_status":"open","ping_status":"open","sticky":false,"template":"","format":"standard","meta":[],"categories":[41],"tags":[78,8,80],"_links":{"self":[{"href":"https:\/\/www.noticiashondurashn.com\/index.php?rest_route=\/wp\/v2\/posts\/5621"}],"collection":[{"href":"https:\/\/www.noticiashondurashn.com\/index.php?rest_route=\/wp\/v2\/posts"}],"about":[{"href":"https:\/\/www.noticiashondurashn.com\/index.php?rest_route=\/wp\/v2\/types\/post"}],"author":[{"embeddable":true,"href":"https:\/\/www.noticiashondurashn.com\/index.php?rest_route=\/wp\/v2\/users\/1"}],"replies":[{"embeddable":true,"href":"https:\/\/www.noticiashondurashn.com\/index.php?rest_route=%2Fwp%2Fv2%2Fcomments&post=5621"}],"version-history":[{"count":1,"href":"https:\/\/www.noticiashondurashn.com\/index.php?rest_route=\/wp\/v2\/posts\/5621\/revisions"}],"predecessor-version":[{"id":5622,"href":"https:\/\/www.noticiashondurashn.com\/index.php?rest_route=\/wp\/v2\/posts\/5621\/revisions\/5622"}],"wp:featuredmedia":[{"embeddable":true,"href":"https:\/\/www.noticiashondurashn.com\/index.php?rest_route=\/wp\/v2\/media\/5620"}],"wp:attachment":[{"href":"https:\/\/www.noticiashondurashn.com\/index.php?rest_route=%2Fwp%2Fv2%2Fmedia&parent=5621"}],"wp:term":[{"taxonomy":"category","embeddable":true,"href":"https:\/\/www.noticiashondurashn.com\/index.php?rest_route=%2Fwp%2Fv2%2Fcategories&post=5621"},{"taxonomy":"post_tag","embeddable":true,"href":"https:\/\/www.noticiashondurashn.com\/index.php?rest_route=%2Fwp%2Fv2%2Ftags&post=5621"}],"curies":[{"name":"wp","href":"https:\/\/api.w.org\/{rel}","templated":true}]}}