{"id":4631,"date":"2015-04-15T10:57:53","date_gmt":"2015-04-15T16:57:53","guid":{"rendered":"http:\/\/www.noticiashondurashn.com\/?p=4631"},"modified":"2015-04-15T16:01:42","modified_gmt":"2015-04-15T22:01:42","slug":"encostalada-te-van-a-encontrar-amenaza-director-departamental-a-alumno","status":"publish","type":"post","link":"https:\/\/www.noticiashondurashn.com\/?p=4631","title":{"rendered":"\"Encostalado\" te van a encontrar, amenaza director departamental a alumno"},"content":{"rendered":"<p>La defensora del Centro de Investigaci\u00f3n y Promoci\u00f3n de los Derechos Humanos (Ciprodeh), Sara Sauceda, necesita medidas urgentes de protecci\u00f3n tras denunciar que el Secretario General de la Direcci\u00f3n Departamental de Educaci\u00f3n de Francisco Moraz\u00e1n, Miguel Geovanny G\u00f3mez, la amenaz\u00f3 a muerte a ella y a un dirigente estudiantil del Instituto Pedro Nufio, durante una toma de esta instalaci\u00f3n educativa.<\/p>\n<p>El joven que necesitar\u00eda medidas de protecci\u00f3n fue identificado \u00fanicamente como Eduar por parte de la defensora de Ciprodeh.<\/p>\n<p>\"Le dije que por qu\u00e9 estaba amenazando al joven, me dijo, a vos tambi\u00e9n te van a hallar encostalada junto con \u00e9l por estarte metiendo. \u00bfCu\u00e1les defensores de derechos humanos? Los \u00fanicos derechos humanos que yo reconozco en Honduras s\u00f3lo es a Conadeh (el estatal Comisionado Nacional de los Derechos Humanos), ustedes son una Ong, ustedes no representan a los derechos humanos\".<\/p>\n<p>\"Yo soy voluntaria de Ciprodeh y dejo establecido que lo que a m\u00ed me suceda, que a lo que a m\u00ed me pase, porque este se\u00f1or me amenaz\u00f3 que me iba a mandar a encostalar junto al estudiante que es un graduando y era el que estaba coordinando en ese momento la manifestaci\u00f3n\".<\/p>\n<p>Seg\u00fan Sauceda, la amenaza se produjo el 25 de marzo en medio de una protesta estudiantil, un d\u00eda despu\u00e9s que encontraron dentro de un costal, con se\u00f1ales de ejecuci\u00f3n arbitraria, a la estudiante Soad Ham Bustillo.<\/p>\n<p>Sauceda llam\u00f3 al presidente de Honduras, Juan Orlando Hern\u00e1ndez, y al ministro de Educaci\u00f3n, Marl\u00f3n Escoto, para que accedan a dialogar con los estudiantes.<\/p>\n<p>\"Soy defensora de derechos humanos y voy a seguir defendiendo la juventud, ya basta de estarlos matando como si los j\u00f3venes no tuvieran qui\u00e9n por ellos. Tambi\u00e9n llamo a los padres de familia para que se levanten a defender sus hijas e hijos\".<\/p>\n<p>Ciprodeh tiene registrada la denuncia y analiza las acciones que se tomar\u00e1n para proteger la vida de Sauceda, explic\u00f3 la relacionadora p\u00fablica, Evelyn Molina. \"Nos manifest\u00f3 que hab\u00eda sido objeto de estas amenazas en contra de su vida...Por parte del funcionario de la departamental de Educaci\u00f3n\", plante\u00f3.<\/p>\n<p>Ciprodeh brindar\u00e1 el respectivo seguimiento a la gestiones ante las autoridades competentes, dijo Molina.<\/p>\n<p>Todo el personal de esta organizaci\u00f3n est\u00e1 sometido a una campa\u00f1a gubernamental de desprestigio por velar por los derechos humanos de los colegiales que han ejercido su derecho a la protesta pac\u00edfica.<\/p>\n<p>El Comit\u00e9 por la Libre Expresi\u00f3n (C-Libre) que investiga la denuncia y emiti\u00f3 la alerta 049-15, busc\u00f3 en la Direcci\u00f3n Departamental de Educaci\u00f3n, el 14 de abril al funcionario, sus asistentes explicaron que no estaba y se le dejaron n\u00famero telef\u00f3nicos m\u00f3viles y de la oficina para conocer su versi\u00f3n de los hechos.<\/p>\n<p>Finalmente, el servidor p\u00fablico llam\u00f3 y se le devolvi\u00f3 la comunicaci\u00f3n para conocer su respuesta sobre este hecho. Neg\u00f3 que \"ayer\" haya estado en una protesta en la Pedro Nufio, \"yo estuve en el T\u00e9cnico Honduras ayer...ni siquiera la conozco\", insist\u00eda G\u00f3mez. <\/p>\n<p>Para empezar este colegio no ha estado en toma, era el T\u00e9cnico Honduras que estaba ayer tomado, repet\u00eda. Al consultarle si estaba entendiendo lo que se le explicaba que se refer\u00eda a una manifestaci\u00f3n realizada en d\u00edas pasados y no la m\u00e1s reciente, respondi\u00f3 voy a colgar el tel\u00e9fono y dej\u00f3 al personal de C-Libre hablando solo.  Se le llam\u00f3 varias veces para dialogar y darle la oportunidad de explicar su versi\u00f3n de los hechos, mas no volvi\u00f3 a responder.<\/p>\n","protected":false},"excerpt":{"rendered":"<p>La defensora del Centro de Investigaci\u00f3n y Promoci\u00f3n de los Derechos Humanos (Ciprodeh), Sara Sauceda, necesita medidas urgentes de protecci\u00f3n<\/p>\n","protected":false},"author":1,"featured_media":4632,"comment_status":"open","ping_status":"open","sticky":false,"template":"","format":"standard","meta":[],"categories":[13],"tags":[57,8],"_links":{"self":[{"href":"https:\/\/www.noticiashondurashn.com\/index.php?rest_route=\/wp\/v2\/posts\/4631"}],"collection":[{"href":"https:\/\/www.noticiashondurashn.com\/index.php?rest_route=\/wp\/v2\/posts"}],"about":[{"href":"https:\/\/www.noticiashondurashn.com\/index.php?rest_route=\/wp\/v2\/types\/post"}],"author":[{"embeddable":true,"href":"https:\/\/www.noticiashondurashn.com\/index.php?rest_route=\/wp\/v2\/users\/1"}],"replies":[{"embeddable":true,"href":"https:\/\/www.noticiashondurashn.com\/index.php?rest_route=%2Fwp%2Fv2%2Fcomments&post=4631"}],"version-history":[{"count":2,"href":"https:\/\/www.noticiashondurashn.com\/index.php?rest_route=\/wp\/v2\/posts\/4631\/revisions"}],"predecessor-version":[{"id":4637,"href":"https:\/\/www.noticiashondurashn.com\/index.php?rest_route=\/wp\/v2\/posts\/4631\/revisions\/4637"}],"wp:featuredmedia":[{"embeddable":true,"href":"https:\/\/www.noticiashondurashn.com\/index.php?rest_route=\/wp\/v2\/media\/4632"}],"wp:attachment":[{"href":"https:\/\/www.noticiashondurashn.com\/index.php?rest_route=%2Fwp%2Fv2%2Fmedia&parent=4631"}],"wp:term":[{"taxonomy":"category","embeddable":true,"href":"https:\/\/www.noticiashondurashn.com\/index.php?rest_route=%2Fwp%2Fv2%2Fcategories&post=4631"},{"taxonomy":"post_tag","embeddable":true,"href":"https:\/\/www.noticiashondurashn.com\/index.php?rest_route=%2Fwp%2Fv2%2Ftags&post=4631"}],"curies":[{"name":"wp","href":"https:\/\/api.w.org\/{rel}","templated":true}]}}