{"id":4560,"date":"2015-04-09T21:27:50","date_gmt":"2015-04-10T03:27:50","guid":{"rendered":"http:\/\/www.noticiashondurashn.com\/?p=4560"},"modified":"2015-04-09T21:27:50","modified_gmt":"2015-04-10T03:27:50","slug":"presidentes-de-guatemala-y-honduras-suscribiran-protocolo-para-la-implentacion-de-union-aduanera","status":"publish","type":"post","link":"https:\/\/www.noticiashondurashn.com\/?p=4560","title":{"rendered":"Presidentes de Guatemala y Honduras suscribir\u00e1n protocolo para la implentaci\u00f3n de uni\u00f3n aduanera\u00a0"},"content":{"rendered":"<div dir=\"ltr\">\n<div class=\"gmail_quote\">\n<div class=\"gmail_quote\">\n<div dir=\"auto\">\n<blockquote type=\"cite\">\n<div dir=\"ltr\">\n<p style=\"margin-bottom: 0cm;\"><span style=\"line-height: normal; -webkit-text-size-adjust: auto; background-color: rgba(255, 255, 255, 0);\">En el marco de la VII Cumbre de las Am\u00e9ricas que se celebra en Panam\u00e1 se suscribir\u00e1 el Protocolo de Habilitaci\u00f3n para la Implentacion de la Uni\u00f3n Aduanera, entre Honduras y Guatemala.<\/span><\/p>\n<p style=\"margin-bottom: 0cm;\"><span style=\"line-height: normal; -webkit-text-size-adjust: auto; background-color: rgba(255, 255, 255, 0);\">Los presidentes de ambas naciones Otto P\u00e9rez Molina y&nbsp;<\/span><span style=\"background-color: rgba(255, 255, 255, 0);\">Juan Orlando Hern\u00e1ndez firmar\u00e1n el&nbsp;<\/span><span style=\"background-color: rgba(255, 255, 255, 0);\">protocolo que se enmarca en los procesos preliminares para la entrada en vigencia plena de la uni\u00f3n aduanera bilateral entre Guatemala y Honduras, a partir del<\/span><span style=\"background-color: rgba(255, 255, 255, 0);\">&nbsp;<\/span><a href=\"x-apple-data-detectors:\/\/0\" x-apple-data-detectors=\"true\" x-apple-data-detectors-type=\"calendar-event\" x-apple-data-detectors-result=\"0\">1 de diciembre<\/a><span style=\"background-color: rgba(255, 255, 255, 0);\">&nbsp;<\/span><span style=\"background-color: rgba(255, 255, 255, 0);\">de este a\u00f1o.<\/span><\/p>\n<p style=\"margin-bottom: 0cm;\"><span style=\"line-height: normal; -webkit-text-size-adjust: auto; background-color: rgba(255, 255, 255, 0);\">El proceso integracionista entre los dos pa\u00edses centroamericanos se construye en tres etapas, empezando con la promoci\u00f3n de la libre circulaci\u00f3n de bienes y facilitaci\u00f3n del comercio; modernizaci\u00f3n y convergencia normativa, y desarrollo institucional.<\/span><\/p>\n<p style=\"margin-bottom: 0cm;\"><span style=\"line-height: normal; -webkit-text-size-adjust: auto; background-color: rgba(255, 255, 255, 0);\">Ese acuerdo establece el mandato, base legal, modelo, desarrollo de los trabajos y la ruta a seguir para la constituci\u00f3n de la Uni\u00f3n Aduanera entre ambos pa\u00edses.<\/span><\/p>\n<p style=\"margin-bottom: 0cm;\"><span style=\"line-height: normal; -webkit-text-size-adjust: auto; background-color: rgba(255, 255, 255, 0);\">Adem\u00e1s, instruye a los ministros de Econom\u00eda e Integraci\u00f3n Econ\u00f3mica y a los responsables de administraci\u00f3n de aduanas a iniciar de inmediato el proceso de integraci\u00f3n aduanera en Agua Caliente y El Florido.<\/span><\/p>\n<p style=\"margin-bottom: 0cm;\"><span style=\"line-height: normal; -webkit-text-size-adjust: auto; background-color: rgba(255, 255, 255, 0);\">Tambi\u00e9n se habilitar\u00e1n los servicios aduaneros y fiscales que permitan establecer en Agua Caliente y El Florido rutas fiscales que cumplan con normas y mejores pr\u00e1cticas que aseguren a ambos pa\u00edses una prestaci\u00f3n de servicios con altos est\u00e1ndares de seguridad, agilidad y transparencia.<\/span><\/p>\n<p style=\"margin-bottom: 0cm;\"><span style=\"line-height: normal; -webkit-text-size-adjust: auto; background-color: rgba(255, 255, 255, 0);\">Se tiene previsto que en junio de este a\u00f1o las aduanas de Agua Caliente y El Florido comiencen a funcionar de forma integrada, previo a la entrada en vigencia de la uni\u00f3n aduanera plena que comenzar\u00e1 a partir de diciembre.<\/span><\/p>\n<\/div>\n<\/blockquote>\n<div dir=\"ltr\">\n<div>\n<p style=\"margin-bottom: 0cm;\"><\/p>\n<\/div>\n<\/div>\n<\/div>\n<\/div>\n<\/div>\n<\/div>\n","protected":false},"excerpt":{"rendered":"<p>En el marco de la VII Cumbre de las Am\u00e9ricas que se celebra en Panam\u00e1 se suscribir\u00e1 el Protocolo de<\/p>\n","protected":false},"author":1,"featured_media":4559,"comment_status":"open","ping_status":"open","sticky":false,"template":"","format":"standard","meta":[],"categories":[26],"tags":[56,3],"_links":{"self":[{"href":"https:\/\/www.noticiashondurashn.com\/index.php?rest_route=\/wp\/v2\/posts\/4560"}],"collection":[{"href":"https:\/\/www.noticiashondurashn.com\/index.php?rest_route=\/wp\/v2\/posts"}],"about":[{"href":"https:\/\/www.noticiashondurashn.com\/index.php?rest_route=\/wp\/v2\/types\/post"}],"author":[{"embeddable":true,"href":"https:\/\/www.noticiashondurashn.com\/index.php?rest_route=\/wp\/v2\/users\/1"}],"replies":[{"embeddable":true,"href":"https:\/\/www.noticiashondurashn.com\/index.php?rest_route=%2Fwp%2Fv2%2Fcomments&post=4560"}],"version-history":[{"count":1,"href":"https:\/\/www.noticiashondurashn.com\/index.php?rest_route=\/wp\/v2\/posts\/4560\/revisions"}],"predecessor-version":[{"id":4561,"href":"https:\/\/www.noticiashondurashn.com\/index.php?rest_route=\/wp\/v2\/posts\/4560\/revisions\/4561"}],"wp:featuredmedia":[{"embeddable":true,"href":"https:\/\/www.noticiashondurashn.com\/index.php?rest_route=\/wp\/v2\/media\/4559"}],"wp:attachment":[{"href":"https:\/\/www.noticiashondurashn.com\/index.php?rest_route=%2Fwp%2Fv2%2Fmedia&parent=4560"}],"wp:term":[{"taxonomy":"category","embeddable":true,"href":"https:\/\/www.noticiashondurashn.com\/index.php?rest_route=%2Fwp%2Fv2%2Fcategories&post=4560"},{"taxonomy":"post_tag","embeddable":true,"href":"https:\/\/www.noticiashondurashn.com\/index.php?rest_route=%2Fwp%2Fv2%2Ftags&post=4560"}],"curies":[{"name":"wp","href":"https:\/\/api.w.org\/{rel}","templated":true}]}}