{"id":3668,"date":"2015-02-01T07:04:31","date_gmt":"2015-02-01T13:04:31","guid":{"rendered":"http:\/\/www.noticiashondurashn.com\/?p=3668"},"modified":"2015-02-01T07:04:31","modified_gmt":"2015-02-01T13:04:31","slug":"inauguran-subestacion-de-energia-mas-moderna-y-grande-de-centroamerica","status":"publish","type":"post","link":"https:\/\/www.noticiashondurashn.com\/?p=3668","title":{"rendered":"Inauguran subestaci\u00f3n de energ\u00eda m\u00e1s moderna y grande de Centroam\u00e9rica"},"content":{"rendered":"<p>Financiado por el Banco Interamericano de Desarrollo (BID) con una inversi\u00f3n de alrededor de 482 millones de lempiras, este fin de semana se inaugur\u00f3 una subestaci\u00f3n de energ\u00eda en el valle de Amarateca, en la zona central de Honduras.<br \/>\nCon esta una obra que es la m\u00e1s moderna y grande de Centroam\u00e9rica, habr\u00e1<figure id=\"attachment_3669\" aria-describedby=\"caption-attachment-3669\" style=\"width: 300px\" class=\"wp-caption alignnone\"><a href=\"http:\/\/www.noticiashondurashn.com\/wp-content\/uploads\/2015\/02\/image.jpg\"><img decoding=\"async\" loading=\"lazy\" src=\"http:\/\/www.noticiashondurashn.com\/wp-content\/uploads\/2015\/02\/image-300x186.jpg\" alt=\"La subestaci\u00f3n el\u00e9ctrica de Amarateca fue inaugurada este fin de semana.\" width=\"300\" height=\"186\" class=\"size-medium wp-image-3669\" srcset=\"https:\/\/www.noticiashondurashn.com\/wp-content\/uploads\/2015\/02\/image-300x186.jpg 300w, https:\/\/www.noticiashondurashn.com\/wp-content\/uploads\/2015\/02\/image-1024x636.jpg 1024w, https:\/\/www.noticiashondurashn.com\/wp-content\/uploads\/2015\/02\/image-680x419.jpg 680w\" sizes=\"(max-width: 300px) 100vw, 300px\" \/><\/a><figcaption id=\"caption-attachment-3669\" class=\"wp-caption-text\">La subestaci\u00f3n el\u00e9ctrica de Amarateca fue inaugurada este fin de semana.<\/figcaption><\/figure> mejora de regulaci\u00f3n de voltaje en la capital, Olancho, Comayagua y El Para\u00edso, adem\u00e1s de fortalecer la confiabilidad del servicio en el \u00e1rea de Tegucigalpa y reducir las p\u00e9rdidas t\u00e9cnicas en la red.<br \/>\nLa Subestaci\u00f3n de Energ\u00eda de Amarateca es administrada por la ENEE y est\u00e1 dise\u00f1ada para mejorar la eficiencia del sector energ\u00e9tico y contribuir a mejorar las condiciones de vida de la poblaci\u00f3n, asegurando el suministro del servicio de manera eficiente y confiable.<br \/>\nIan Walker, representante del BID, destac\u00f3 que es la Subestaci\u00f3n m\u00e1s grande en Honduras y es una obra que se ha so\u00f1ado por m\u00e1s de 20 a\u00f1os, desde que identificaron este punto como el id\u00f3neo para canalizar los flujos el\u00e9ctricos que viene del sur y que permita estabilizar el sistema de transmisi\u00f3n en el pa\u00eds.<br \/>\n\u201cPara el BID el apoyo al sector el\u00e9ctrico que est\u00e1 plasmado en las estrategias del apoyo al pa\u00eds que hemos acordado con el Gobierno, es pieza clave en Honduras\u201d, apunt\u00f3.<br \/>\nAgreg\u00f3 que \u201cTambi\u00e9n es fundamental para la competitividad del pa\u00eds porque no se puede traer inversiones que nos producen trabajo, si no podemos ofrecer un buen servicio el\u00e9ctrico a los inversionistas que pueden ser hondure\u00f1os o extranjeros\u201d.<br \/>\nAnunci\u00f3 que este a\u00f1o el BID va a procesar nuevos apoyos para la modernizaci\u00f3n de R\u00edo Ca\u00f1averal que administra la ENEE y mejorar la electrificaci\u00f3n en el occidente del pa\u00eds.<br \/>\nAdem\u00e1s, Ian Walker, en la mesa principal tambi\u00e9n estuvo el Especialista Fuduciario del BID, Kevin Suero y el presidente de la Rep\u00fablica, entre otros funcionarios.<\/p>\n","protected":false},"excerpt":{"rendered":"<p>Financiado por el Banco Interamericano de Desarrollo (BID) con una inversi\u00f3n de alrededor de 482 millones de lempiras, este fin<\/p>\n","protected":false},"author":1,"featured_media":3669,"comment_status":"open","ping_status":"open","sticky":false,"template":"","format":"standard","meta":[],"categories":[13],"tags":[60,86],"_links":{"self":[{"href":"https:\/\/www.noticiashondurashn.com\/index.php?rest_route=\/wp\/v2\/posts\/3668"}],"collection":[{"href":"https:\/\/www.noticiashondurashn.com\/index.php?rest_route=\/wp\/v2\/posts"}],"about":[{"href":"https:\/\/www.noticiashondurashn.com\/index.php?rest_route=\/wp\/v2\/types\/post"}],"author":[{"embeddable":true,"href":"https:\/\/www.noticiashondurashn.com\/index.php?rest_route=\/wp\/v2\/users\/1"}],"replies":[{"embeddable":true,"href":"https:\/\/www.noticiashondurashn.com\/index.php?rest_route=%2Fwp%2Fv2%2Fcomments&post=3668"}],"version-history":[{"count":1,"href":"https:\/\/www.noticiashondurashn.com\/index.php?rest_route=\/wp\/v2\/posts\/3668\/revisions"}],"predecessor-version":[{"id":3671,"href":"https:\/\/www.noticiashondurashn.com\/index.php?rest_route=\/wp\/v2\/posts\/3668\/revisions\/3671"}],"wp:featuredmedia":[{"embeddable":true,"href":"https:\/\/www.noticiashondurashn.com\/index.php?rest_route=\/wp\/v2\/media\/3669"}],"wp:attachment":[{"href":"https:\/\/www.noticiashondurashn.com\/index.php?rest_route=%2Fwp%2Fv2%2Fmedia&parent=3668"}],"wp:term":[{"taxonomy":"category","embeddable":true,"href":"https:\/\/www.noticiashondurashn.com\/index.php?rest_route=%2Fwp%2Fv2%2Fcategories&post=3668"},{"taxonomy":"post_tag","embeddable":true,"href":"https:\/\/www.noticiashondurashn.com\/index.php?rest_route=%2Fwp%2Fv2%2Ftags&post=3668"}],"curies":[{"name":"wp","href":"https:\/\/api.w.org\/{rel}","templated":true}]}}