{"id":20270,"date":"2026-04-27T20:51:49","date_gmt":"2026-04-28T02:51:49","guid":{"rendered":"https:\/\/www.noticiashondurashn.com\/?p=20270"},"modified":"2026-04-27T20:52:11","modified_gmt":"2026-04-28T02:52:11","slug":"por-fin-hay-ajuste-al-salario-minimo","status":"publish","type":"post","link":"https:\/\/www.noticiashondurashn.com\/?p=20270","title":{"rendered":"Por fin, aprobado ajuste al salario m\u00ednimo"},"content":{"rendered":"\n<p>Por fin, despu\u00e9s de varios meses de negociacion, gobierno, empresa privada y trabajadores acordaron un ajuste al salario m\u00ednimo para este a\u00f1o.<\/p>\n\n\n\n<p>El aumento al salario m\u00ednimo de entre 6 y 7.5%, entrar\u00e1 en vigencia del 1 de enero de 2026 y se pagar\u00e1 de forma retroactiva.<\/p>\n\n\n\n<p>El Ministro de Trabajo, Fernando Puerto, manifest\u00f3 que el ajuste  acordado de los meses anteriores \u201cser\u00e1 pagado de forma retroactiva a m\u00e1s tardar el 31 de julio de 2026\u201d.<\/p>\n\n\n\n<p>Tras el acuerdo, el salario m\u00ednimo para el 2026 ser\u00e1 del 6% para quienes laboran en empresa que tienen 1 a 10 trabajadores y de 11 a 50 empleados.<\/p>\n\n\n\n<p>El ajuste ser\u00e1 del 7% para empresas con 51 a 150 trabajadores 7% y de un 7.5% para aquellas empresas con empleados de 151 en adelante.<\/p>\n\n\n\n<p>El acuerdo tambi\u00e9n contempla el ajuste al salarios m\u00ednimo para el a\u00f1o 2027, quedando de la siguiente manera:<br \/>1 a 10 trabajadores 6%<br \/>11 a 50 trabajadores 6%<br \/>51 a 150 trabajadores 7%<br \/>151 trabajadores en adelante 7.5%<\/p>\n","protected":false},"excerpt":{"rendered":"<p>Por fin, despu\u00e9s de varios meses de negociacion, gobierno, empresa privada y trabajadores acordaron un ajuste al salario m\u00ednimo para<\/p>\n","protected":false},"author":1,"featured_media":20269,"comment_status":"closed","ping_status":"open","sticky":false,"template":"","format":"standard","meta":[],"categories":[26,13],"tags":[78,68,8,3,69],"_links":{"self":[{"href":"https:\/\/www.noticiashondurashn.com\/index.php?rest_route=\/wp\/v2\/posts\/20270"}],"collection":[{"href":"https:\/\/www.noticiashondurashn.com\/index.php?rest_route=\/wp\/v2\/posts"}],"about":[{"href":"https:\/\/www.noticiashondurashn.com\/index.php?rest_route=\/wp\/v2\/types\/post"}],"author":[{"embeddable":true,"href":"https:\/\/www.noticiashondurashn.com\/index.php?rest_route=\/wp\/v2\/users\/1"}],"replies":[{"embeddable":true,"href":"https:\/\/www.noticiashondurashn.com\/index.php?rest_route=%2Fwp%2Fv2%2Fcomments&post=20270"}],"version-history":[{"count":2,"href":"https:\/\/www.noticiashondurashn.com\/index.php?rest_route=\/wp\/v2\/posts\/20270\/revisions"}],"predecessor-version":[{"id":20272,"href":"https:\/\/www.noticiashondurashn.com\/index.php?rest_route=\/wp\/v2\/posts\/20270\/revisions\/20272"}],"wp:featuredmedia":[{"embeddable":true,"href":"https:\/\/www.noticiashondurashn.com\/index.php?rest_route=\/wp\/v2\/media\/20269"}],"wp:attachment":[{"href":"https:\/\/www.noticiashondurashn.com\/index.php?rest_route=%2Fwp%2Fv2%2Fmedia&parent=20270"}],"wp:term":[{"taxonomy":"category","embeddable":true,"href":"https:\/\/www.noticiashondurashn.com\/index.php?rest_route=%2Fwp%2Fv2%2Fcategories&post=20270"},{"taxonomy":"post_tag","embeddable":true,"href":"https:\/\/www.noticiashondurashn.com\/index.php?rest_route=%2Fwp%2Fv2%2Ftags&post=20270"}],"curies":[{"name":"wp","href":"https:\/\/api.w.org\/{rel}","templated":true}]}}