{"id":20030,"date":"2026-03-10T18:00:21","date_gmt":"2026-03-11T00:00:21","guid":{"rendered":"https:\/\/www.noticiashondurashn.com\/?p=20030"},"modified":"2026-03-10T18:22:48","modified_gmt":"2026-03-11T00:22:48","slug":"denuncian-a-diputado-de-islas-de-la-bahia-por-amenazas-a-periodistas","status":"publish","type":"post","link":"https:\/\/www.noticiashondurashn.com\/?p=20030","title":{"rendered":"Denuncian a diputado de Islas de la Bah\u00eda por amenazas a periodistas"},"content":{"rendered":"\n<p>Una denuncia por amenazas a periodistas de Islas de la Bah\u00eda fue presentada hoy contra el diputado del partido Nacional, Stephen Garcia. <\/p>\n\n\n\n<p>La denuncia fue interpuesta por la periodista Amada Ponce, directora ejecutiva del Comit\u00e9 por la Libre Expresi\u00f3n (C\u2013Libre).<\/p>\n\n\n\n<p>Seg\u00fan Ponce, el parlamentario mantiene amenazado a varios periodistas de la isla quienes empezaron a realizar preguntas e investigar la muerte de una f\u00e9mina que no pudo ser sacada de la Isla por falta de un avi\u00f3n ambulancia de ese sector insular del pa\u00eds.<\/p>\n\n\n\n<p>La directora de C-Libre indic\u00f3 que el diputado amenaz\u00f3 por tel\u00e9fono a cuatro periodistas, por lo que hoy hay una protesta de micr\u00f3fonos ca\u00eddos.<\/p>\n\n\n\n<p>\u201cSe est\u00e1 coartando la libertad de expresi\u00f3n y de prensa de los colegas en Islas de la Bah\u00eda por esta persona, por lo que lo hemos denunciado por amenazas y coacci\u00f3n\u201d, se\u00f1al\u00f3.<\/p>\n\n\n\n<p>Agreg\u00f3 que el diputado ha tomado la terrible decisi\u00f3n de amenazar a los periodistas y es por ello que acompa\u00f1\u00f3 a la asociaci\u00f3n de periodistas de la isla a interponer la denuncia respectiva, manifest\u00f3.<\/p>\n\n\n\n<p>A ra\u00edz de las amenazas la Asociaci\u00f3n de Periodistas de Islas de la Bah\u00eda realiz\u00f3 hace unos d\u00edas <a href=\"https:\/\/www.noticiashondurashn.com\/?p=20009\">un paro de micr\u00f3fonos ca\u00eddos<\/a>, mientras espera que las autoridades act\u00faen.<\/p>\n\n\n\n<p>C-Libre reporta en el presente a\u00f1o m\u00e1s de una veintena de amenazas contra periodistas a nivel nacional.<\/p>\n\n\n\n<p>Ponce lament\u00f3 que hay muchos periodistas que no quieren denunciar las amenazas que reciben por funcionarios o cualquier otra persona.<\/p>\n","protected":false},"excerpt":{"rendered":"<p>Una denuncia por amenazas a periodistas de Islas de la Bah\u00eda fue presentada hoy contra el diputado del partido Nacional,<\/p>\n","protected":false},"author":1,"featured_media":20029,"comment_status":"closed","ping_status":"open","sticky":false,"template":"","format":"standard","meta":[],"categories":[34,13],"tags":[78,133,3,76,35,115,116],"_links":{"self":[{"href":"https:\/\/www.noticiashondurashn.com\/index.php?rest_route=\/wp\/v2\/posts\/20030"}],"collection":[{"href":"https:\/\/www.noticiashondurashn.com\/index.php?rest_route=\/wp\/v2\/posts"}],"about":[{"href":"https:\/\/www.noticiashondurashn.com\/index.php?rest_route=\/wp\/v2\/types\/post"}],"author":[{"embeddable":true,"href":"https:\/\/www.noticiashondurashn.com\/index.php?rest_route=\/wp\/v2\/users\/1"}],"replies":[{"embeddable":true,"href":"https:\/\/www.noticiashondurashn.com\/index.php?rest_route=%2Fwp%2Fv2%2Fcomments&post=20030"}],"version-history":[{"count":2,"href":"https:\/\/www.noticiashondurashn.com\/index.php?rest_route=\/wp\/v2\/posts\/20030\/revisions"}],"predecessor-version":[{"id":20032,"href":"https:\/\/www.noticiashondurashn.com\/index.php?rest_route=\/wp\/v2\/posts\/20030\/revisions\/20032"}],"wp:featuredmedia":[{"embeddable":true,"href":"https:\/\/www.noticiashondurashn.com\/index.php?rest_route=\/wp\/v2\/media\/20029"}],"wp:attachment":[{"href":"https:\/\/www.noticiashondurashn.com\/index.php?rest_route=%2Fwp%2Fv2%2Fmedia&parent=20030"}],"wp:term":[{"taxonomy":"category","embeddable":true,"href":"https:\/\/www.noticiashondurashn.com\/index.php?rest_route=%2Fwp%2Fv2%2Fcategories&post=20030"},{"taxonomy":"post_tag","embeddable":true,"href":"https:\/\/www.noticiashondurashn.com\/index.php?rest_route=%2Fwp%2Fv2%2Ftags&post=20030"}],"curies":[{"name":"wp","href":"https:\/\/api.w.org\/{rel}","templated":true}]}}