{"id":20027,"date":"2026-03-08T08:40:35","date_gmt":"2026-03-08T14:40:35","guid":{"rendered":"https:\/\/www.noticiashondurashn.com\/?p=20027"},"modified":"2026-03-08T08:40:35","modified_gmt":"2026-03-08T14:40:35","slug":"dragaran-canales-del-valle-de-sula-anuncia-gobierno","status":"publish","type":"post","link":"https:\/\/www.noticiashondurashn.com\/?p=20027","title":{"rendered":"Dragar\u00e1n canales del Valle de Sula, anuncia gobierno"},"content":{"rendered":"\n<h5 class=\"wp-block-heading\"><em>*El presidente Nasry Asfura inform\u00f3 que las obras iniciar\u00e1n la pr\u00f3xima semana como parte de un plan de prevenci\u00f3n de inundaciones y desarrollo productivo en la zona norte del pa\u00eds.<\/em><\/h5>\n\n\n\n<p>Esta semana comenzar\u00e1 el dragado de siete canales en el Valle de Sula, anunci\u00f3 el presidente de Honduras, Nasry \u201cTito\u201d Asfura en conferencia de prensa realizada en Brickell, Miami, Estados Unidos.<\/p>\n\n\n\n<p>Durante una conferencia de prensa, el mandatario explic\u00f3 que estas obras buscan reducir los riesgos ante la pr\u00f3xima temporada lluviosa y, al mismo tiempo, crear condiciones m\u00e1s seguras para la inversi\u00f3n y la actividad productiva en una de las regiones m\u00e1s din\u00e1micas de la econom\u00eda hondure\u00f1a.<\/p>\n\n\n\n<p>El mandatario dijo que asume \u201cel compromiso de iniciar el dragado de siete canales en el Valle de Sula que durante 10 o 15 a\u00f1os, o incluso m\u00e1s, no han recibido la atenci\u00f3n necesaria\u201d.<\/p>\n\n\n\n<figure class=\"wp-block-image size-large\"><img decoding=\"async\" loading=\"lazy\" width=\"650\" height=\"365\" src=\"https:\/\/www.noticiashondurashn.com\/wp-content\/uploads\/2026\/03\/img_4309-650x365.jpg\" class=\"wp-image-20026\" srcset=\"https:\/\/www.noticiashondurashn.com\/wp-content\/uploads\/2026\/03\/img_4309-650x365.jpg 650w, https:\/\/www.noticiashondurashn.com\/wp-content\/uploads\/2026\/03\/img_4309-300x169.jpg 300w, https:\/\/www.noticiashondurashn.com\/wp-content\/uploads\/2026\/03\/img_4309.jpg 680w\" sizes=\"(max-width: 650px) 100vw, 650px\" \/><figcaption class=\"wp-element-caption\">Las acciones permitir\u00e1n mitigar los efectos del invierno y mejorar la productividad del Valle. (Foto de archivo)<\/figcaption><\/figure>\n\n\n\n<p><strong>Reunion con personeros del BCIE para avanzar en el proyecto represa El Tabl\u00f3n.<\/strong><\/p>\n\n\n\n<p>Asfura detall\u00f3 que el Gobierno mantiene conversaciones de alto nivel con el Banco Centroamericano de Integraci\u00f3n Econ\u00f3mica (BCIE) y otros actores t\u00e9cnicos y financieros para avanzar en proyectos estrat\u00e9gicos, entre ellos la construcci\u00f3n de la represa El Tabl\u00f3n, considerada una obra fundamental para el control de inundaciones en el Valle de Sula.<\/p>\n\n\n\n<p>Tambi\u00e9n adelant\u00f3 importantes proyectos de infraestructura vial para el departamento de Cort\u00e9s, entre ellos un sistema de bacheo en diferentes tramos y la ampliaci\u00f3n de la carretera Chamelec\u00f3n\u2013Naco a tres carriles, obra que contribuir\u00e1 a mejorar la conectividad y dinamizar la actividad econ\u00f3mica.<\/p>\n\n\n\n<p>\u201cYa contamos con dise\u00f1os a la altura de Choloma para aliviar el tr\u00e1fico hacia Puerto Cort\u00e9s. Esto permitir\u00e1 mejorar la productividad, facilitar el comercio y agilizar la movilidad en el principal corredor log\u00edstico del pa\u00eds\u201d, finaliz\u00f3 el mandatario.<\/p>\n","protected":false},"excerpt":{"rendered":"<p>*El presidente Nasry Asfura inform\u00f3 que las obras iniciar\u00e1n la pr\u00f3xima semana como parte de un plan de prevenci\u00f3n de<\/p>\n","protected":false},"author":1,"featured_media":20026,"comment_status":"closed","ping_status":"open","sticky":false,"template":"","format":"standard","meta":[],"categories":[129,13],"tags":[78,8,3,40],"_links":{"self":[{"href":"https:\/\/www.noticiashondurashn.com\/index.php?rest_route=\/wp\/v2\/posts\/20027"}],"collection":[{"href":"https:\/\/www.noticiashondurashn.com\/index.php?rest_route=\/wp\/v2\/posts"}],"about":[{"href":"https:\/\/www.noticiashondurashn.com\/index.php?rest_route=\/wp\/v2\/types\/post"}],"author":[{"embeddable":true,"href":"https:\/\/www.noticiashondurashn.com\/index.php?rest_route=\/wp\/v2\/users\/1"}],"replies":[{"embeddable":true,"href":"https:\/\/www.noticiashondurashn.com\/index.php?rest_route=%2Fwp%2Fv2%2Fcomments&post=20027"}],"version-history":[{"count":1,"href":"https:\/\/www.noticiashondurashn.com\/index.php?rest_route=\/wp\/v2\/posts\/20027\/revisions"}],"predecessor-version":[{"id":20028,"href":"https:\/\/www.noticiashondurashn.com\/index.php?rest_route=\/wp\/v2\/posts\/20027\/revisions\/20028"}],"wp:featuredmedia":[{"embeddable":true,"href":"https:\/\/www.noticiashondurashn.com\/index.php?rest_route=\/wp\/v2\/media\/20026"}],"wp:attachment":[{"href":"https:\/\/www.noticiashondurashn.com\/index.php?rest_route=%2Fwp%2Fv2%2Fmedia&parent=20027"}],"wp:term":[{"taxonomy":"category","embeddable":true,"href":"https:\/\/www.noticiashondurashn.com\/index.php?rest_route=%2Fwp%2Fv2%2Fcategories&post=20027"},{"taxonomy":"post_tag","embeddable":true,"href":"https:\/\/www.noticiashondurashn.com\/index.php?rest_route=%2Fwp%2Fv2%2Ftags&post=20027"}],"curies":[{"name":"wp","href":"https:\/\/api.w.org\/{rel}","templated":true}]}}