{"id":20024,"date":"2026-03-07T22:39:04","date_gmt":"2026-03-08T04:39:04","guid":{"rendered":"https:\/\/www.noticiashondurashn.com\/?p=20024"},"modified":"2026-03-07T22:39:04","modified_gmt":"2026-03-08T04:39:04","slug":"honduras-participa-en-cumbre-%c2%a8escudo-de-las-americas%c2%a8-convocada-por-el-presidente-trump","status":"publish","type":"post","link":"https:\/\/www.noticiashondurashn.com\/?p=20024","title":{"rendered":"Honduras participa en Cumbre \u00a8Escudo de las Am\u00e9ricas\u00a8 convocada por el presidente Trump"},"content":{"rendered":"\n<p class=\"p1\"><\/p>\n\n\n\n<p class=\"p2\">Miami, Florida, La Cumbre Escudo de las Am\u00e9ricas, un encuentro internacional que reuni\u00f3 hoy a mandatarios del continente para dialogar sobre temas clave como la econom\u00eda, la seguridad regional y la cooperaci\u00f3n pol\u00edtica entre los pa\u00edses del hemisferio.<\/p>\n\n\n\n<p class=\"p3\">La reuni\u00f3n se desarrollo en Miami, Florida, Estados Unidos, y fue encabezada por el presidente estadounidense Donald Trump, quien convoc\u00f3 a l\u00edderes de Am\u00e9rica Latina y el Caribe para fortalecer la coordinaci\u00f3n regional frente a los desaf\u00edos comunes.<\/p>\n\n\n\n<p class=\"p3\">El encuentro es considerado uno de los espacios de di\u00e1logo m\u00e1s relevantes del momento para Am\u00e9rica Latina, donde los l\u00edderes discutir\u00e1n estrategias para fortalecer la cooperaci\u00f3n hemisf\u00e9rica, impulsar el crecimiento econ\u00f3mico y reforzar la seguridad regional.<\/p>\n\n\n\n<p class=\"p3\">El Presidente hondure\u00f1o destac\u00f3 la importancia de la participaci\u00f3n de Honduras en este foro internacional.<\/p>\n\n\n\n<p class=\"p3\">\u201cEste es un encuentro clave para Am\u00e9rica Latina en la econom\u00eda, la seguridad y la pol\u00edtica de nuestros pa\u00edses. Los desaf\u00edos que enfrentamos requieren di\u00e1logo, cooperaci\u00f3n y visi\u00f3n compartida para construir oportunidades para nuestros pueblos\u201d.<\/p>\n\n\n\n<p class=\"p3\">\u201cLa Cumbre Escudo de las Am\u00e9ricas representa un espacio fundamental donde l\u00edderes del continente podremos definir el rumbo de la cooperaci\u00f3n regional y fortalecer los lazos que nos unen como naciones.\u201d<\/p>\n\n\n\n<p class=\"p3\">La participaci\u00f3n de Honduras reafirma el compromiso del gobierno del Presidente Asfura de mantener una pol\u00edtica exterior activa, orientada a fortalecer las relaciones internacionales, promover inversiones y trabajar junto a los pa\u00edses aliados para impulsar el desarrollo, la estabilidad y prosperidad de la regi\u00f3n.<\/p>\n\n\n\n<p>En la cumbre participaron los mandatarios Javier Milei de Argentina, Nasry Asfura de Honduras, Rodrigo Paz Pereira de Bolivia, Rodrigo Chaves de Costa Rica, Daniel Noboa de Ecuador, Nayib Bukele de El Salvador, Luis Abinader de Rep\u00fablica Dominicana, Mohamed Irfaan Ali de Guyana, Jos\u00e9 Ra\u00fal Mulino de Panam\u00e1, Santiago Pe\u00f1a de Paraguay, Kamla Persad-Bissessar Primera Ministra de Trinidad y Tobago y Jos\u00e9 Antonio Kast presidente electo de Chile.<\/p>\n","protected":false},"excerpt":{"rendered":"<p>Miami, Florida, La Cumbre Escudo de las Am\u00e9ricas, un encuentro internacional que reuni\u00f3 hoy a mandatarios del continente para dialogar<\/p>\n","protected":false},"author":1,"featured_media":20023,"comment_status":"closed","ping_status":"open","sticky":false,"template":"","format":"standard","meta":[],"categories":[98,41],"tags":[78,8,3,115],"_links":{"self":[{"href":"https:\/\/www.noticiashondurashn.com\/index.php?rest_route=\/wp\/v2\/posts\/20024"}],"collection":[{"href":"https:\/\/www.noticiashondurashn.com\/index.php?rest_route=\/wp\/v2\/posts"}],"about":[{"href":"https:\/\/www.noticiashondurashn.com\/index.php?rest_route=\/wp\/v2\/types\/post"}],"author":[{"embeddable":true,"href":"https:\/\/www.noticiashondurashn.com\/index.php?rest_route=\/wp\/v2\/users\/1"}],"replies":[{"embeddable":true,"href":"https:\/\/www.noticiashondurashn.com\/index.php?rest_route=%2Fwp%2Fv2%2Fcomments&post=20024"}],"version-history":[{"count":1,"href":"https:\/\/www.noticiashondurashn.com\/index.php?rest_route=\/wp\/v2\/posts\/20024\/revisions"}],"predecessor-version":[{"id":20025,"href":"https:\/\/www.noticiashondurashn.com\/index.php?rest_route=\/wp\/v2\/posts\/20024\/revisions\/20025"}],"wp:featuredmedia":[{"embeddable":true,"href":"https:\/\/www.noticiashondurashn.com\/index.php?rest_route=\/wp\/v2\/media\/20023"}],"wp:attachment":[{"href":"https:\/\/www.noticiashondurashn.com\/index.php?rest_route=%2Fwp%2Fv2%2Fmedia&parent=20024"}],"wp:term":[{"taxonomy":"category","embeddable":true,"href":"https:\/\/www.noticiashondurashn.com\/index.php?rest_route=%2Fwp%2Fv2%2Fcategories&post=20024"},{"taxonomy":"post_tag","embeddable":true,"href":"https:\/\/www.noticiashondurashn.com\/index.php?rest_route=%2Fwp%2Fv2%2Ftags&post=20024"}],"curies":[{"name":"wp","href":"https:\/\/api.w.org\/{rel}","templated":true}]}}