{"id":18956,"date":"2025-07-23T08:53:00","date_gmt":"2025-07-23T14:53:00","guid":{"rendered":"https:\/\/www.noticiashondurashn.com\/?p=18956"},"modified":"2025-07-24T08:54:54","modified_gmt":"2025-07-24T14:54:54","slug":"asesinatos-de-periodistas-en-7-meses-de-2025-ya-superan-total-de-2024-en-al","status":"publish","type":"post","link":"https:\/\/www.noticiashondurashn.com\/?p=18956","title":{"rendered":"Asesinatos de periodistas en 7 meses de 2025 ya superan total de 2024 en AL"},"content":{"rendered":"\n<p><strong>Desde enero pasado, Reporteros Sin Fronteras (RSF) ha documentado el asesinato de al menos 13 periodistas en Am\u00e9rica Latina. Esta cifra ya supera los nueve casos registrados durante todo el a\u00f1o 2024, lo que confirma un preocupante aumento de la violencia. M\u00e9xico sigue siendo el pa\u00eds m\u00e1s peligroso de la regi\u00f3n para los reporteros. Ante esta escalada, RSF hace un llamado urgente a los Estados latinoamericanos para que adopten o refuercen medidas de protecci\u00f3n para los periodistas y pongan fin a la impunidad que rodea estos cr\u00edmenes.<\/strong><\/p>\n\n\n\n<p class=\"text-align-justify\">Entre enero y julio de 2025, al menos trece periodistas fueron asesinados simplemente por ejercer su profesi\u00f3n y brindar informaci\u00f3n de inter\u00e9s p\u00fablico a las poblaciones de sus respectivos pa\u00edses. Durante este periodo, RSF registr\u00f3 ocho asesinatos en M\u00e9xico, dos en Per\u00fa, uno en Colombia, uno en Guatemala y uno en Ecuador, probablemente relacionados con el ejercicio period\u00edstico.<\/p>\n\n\n\n<p class=\"text-align-justify\">La mayor\u00eda de las v\u00edctimas trabajaban en medios locales o comunitarios y cubr\u00edan temas sensibles como la corrupci\u00f3n, el crimen organizado, el medio ambiente\u2026 Varias de ellas ya hab\u00edan recibido amenazas o eran objeto de campa\u00f1as de difamaci\u00f3n. Dos periodistas incluso estaban bajo protecci\u00f3n policial en el momento de su muerte. Aunque se han abierto investigaciones en&nbsp; la mayor\u00eda de estos cr\u00edmenes, con frecuencia no se resuelven, lo que perpet\u00faa un clima de miedo y obstaculiza el ejercicio del periodismo.<\/p>\n\n\n\n<h3 class=\"wp-block-heading text-align-justify\"><strong>M\u00e9xico: casi dos periodistas asesinados cada mes<\/strong><\/h3>\n\n\n\n<p class=\"text-align-justify\">Pese a los&nbsp;<a href=\"https:\/\/rsf.org\/es\/m%C3%A9xico-la-candidata-las-presidenciales-claudia-sheinbaum-se-compromete-con-rsf-defender-el\"><u>compromisos<\/u><\/a>&nbsp;asumidos por la presidencia y la implementaci\u00f3n de mecanismos de protecci\u00f3n, M\u00e9xico sigue siendo el pa\u00eds m\u00e1s peligroso de la regi\u00f3n para los periodistas. En julio, tres nuevos asesinatos en menos de una semana aumentaron el saldo total a nueve muertes desde enero, de las cuales ocho est\u00e1n probablemente relacionadas con su labor period\u00edstica.<\/p>\n\n\n\n<ul class=\"wp-block-list\">\n<li>En el Estado de M\u00e9xico,&nbsp;<strong>Calletano de Jes\u00fas Guerrero<\/strong>, inscrito desde 2014 en un programa federal de protecci\u00f3n tras recibir amenazas, fue&nbsp;<a href=\"https:\/\/rsf.org\/es\/m%C3%A9xico-rsf-condena-el-asesinato-del-periodista-calletano-de-jes%C3%BAs-guerrero-el-segundo-periodista\"><u>asesinado<\/u><\/a>&nbsp;en enero de 2025 en circunstancias que revelan fallas en el sistema oficial.<\/li>\n\n\n\n<li>Otro caso es el de&nbsp;<strong>Alejandro Gallegos de Le\u00f3n<\/strong>, director de&nbsp;<em>La Voz del Pueblo<\/em>, tambi\u00e9n&nbsp;<a class=\"external-website\" href=\"https:\/\/x.com\/RSF_esp\/status\/1883228792417878290\" target=\"_blank\" rel=\"noreferrer noopener\"><u>asesinado<\/u><\/a>&nbsp;en enero. Su medio hab\u00eda publicado investigaciones sobre el crimen organizado en el centro-norte del pa\u00eds.<\/li>\n\n\n\n<li>El 2 de marzo,&nbsp;<strong>Kristian Uriel Zavala Mart\u00ednez<\/strong>,&nbsp;<a href=\"https:\/\/rsf.org\/es\/m%C3%A9xico-rsf-condena-el-asesinato-del-periodista-kristian-zavala-segundo-periodista-bajo-protecci%C3%B3n\"><u>reportero<\/u><\/a>&nbsp;de&nbsp;<em>El Silaoense.Mx<\/em>, y&nbsp;<strong>Ra\u00fal Ir\u00e1n Villarreal Belmont<\/strong>,&nbsp;<a href=\"https:\/\/rsf.org\/es\/m%C3%A9xico-rsf-exige-justicia-por-el-asesinato-del-periodista-ra%C3%BAl-ir%C3%A1n-villarreal-belmont\"><u>periodista<\/u><\/a>&nbsp;del medio comunitario&nbsp;<em>Observatorio Ciudadano<\/em>, fueron&nbsp;<a href=\"https:\/\/rsf.org\/es\/m%C3%A9xico-rsf-condena-el-asesinato-del-periodista-kristian-zavala-segundo-periodista-bajo-protecci%C3%B3n\"><u>asesinados<\/u><\/a>&nbsp;en el estado de Guanajuato, gravemente afectado por la violencia del crimen organizado. Ambos investigaban sobre violencia estatal y desapariciones forzadas.<\/li>\n\n\n\n<li>En mayo,&nbsp;<strong>Jos\u00e9 Carlos Gonz\u00e1lez Herrera<\/strong>, director del medio digital&nbsp;<em>El Guerrero Opini\u00f3n Ciudadana<\/em>, fue&nbsp;<a href=\"https:\/\/rsf.org\/es\/m%C3%A9xico-rsf-condena-el-asesinato-de-jos%C3%A9-carlos-gonz%C3%A1lez-herrera-y-exige-una-investigaci%C3%B3n-fondo\"><u>asesinado<\/u><\/a>&nbsp;por hombres armados en el centro de Acapulco, en el estado de Guerrero. Cubr\u00eda temas locales como la seguridad, la pol\u00edtica y las demandas ciudadanas en una de las regiones m\u00e1s peligrosas del pa\u00eds.<\/li>\n\n\n\n<li>RSF tambi\u00e9n sigue de cerca la investigaci\u00f3n sobre el asesinato de&nbsp;<strong>Salom\u00f3n Ordo\u00f1ez<\/strong>, fundador de la p\u00e1gina&nbsp;<em>Shalom Cuetzalan Producciones<\/em>en Facebook,&nbsp;<a class=\"external-website\" href=\"https:\/\/www.proceso.com.mx\/nacional\/2025\/6\/24\/asesinan-en-cuetzalan-al-periodista-fotografo-salomon-ordonez-shalom-353625.html\" target=\"_blank\" rel=\"noreferrer noopener\"><u>asesinado<\/u><\/a>&nbsp;en un ataque armado en junio en el estado de Puebla. Las autoridades investigan un posible v\u00ednculo con su labor como periodista local.<\/li>\n\n\n\n<li>En Cajeme, estado de Sonora,&nbsp;<strong>\u00c1ngel Sevilla<\/strong>, periodista y director del medio digital&nbsp;<em>Noticias 644<\/em>, fue&nbsp;<a class=\"external-website\" href=\"https:\/\/lasillarota.com\/estados\/2025\/7\/8\/reportero-cubre-balacera-en-sonora-descubre-que-la-victima-es-su-jefe-director-de-noticias-644-544611.html\" target=\"_blank\" rel=\"noreferrer noopener\"><u>asesinado<\/u><\/a>&nbsp;el 7 de julio mientras transitaba&nbsp; en moto. Cajeme es una de las municipalidades m\u00e1s violentas del estado, escenario de conflictos entre grupos criminales. El medio dirigido por \u00c1ngel Sevilla se hab\u00eda convertido en una fuente clave de informaci\u00f3n en tiempo real sobre el deterioro de la seguridad.<\/li>\n\n\n\n<li>En Cozumel, estado de Quintana Roo, el cuerpo en avanzado estado de descomposici\u00f3n del periodista de investigaci\u00f3n&nbsp;<strong>Melvin Garc\u00eda<\/strong>&nbsp;fue&nbsp;<a class=\"external-website\" href=\"https:\/\/intoleranciadiario.com\/articles\/nacional\/2025\/07\/08\/1040161-hallan-sin-vida-al-periodista-melvin-garcia-en-cozumel-investigan-posible-homicidio.html?\" target=\"_blank\" rel=\"noreferrer noopener\"><u>hallado<\/u><\/a>el 8 de julio. Hab\u00eda regresado a la regi\u00f3n unos meses antes, luego de exiliarse por persecuciones relacionadas con un libro que public\u00f3, en el que denunciaba la implicaci\u00f3n de un exgobernador en un crimen cometido en 1999.<\/li>\n\n\n\n<li>El 9 de julio, pocos minutos despu\u00e9s de transmitir en vivo un video sobre un hundimiento de calzada en Acapulco,&nbsp;<strong>Ronald Paz Pedro<\/strong>, administrador de la p\u00e1gina informativa&nbsp;<em>Ronald Paz NotiExpress Pedro<\/em>&nbsp;en Facebook, fue&nbsp;<u><a class=\"external-website\" href=\"https:\/\/aristeguinoticias.com\/0907\/mexico\/asesinan-a-administrador-de-notiexpress-acapulco-tras-denuncia-en-vivo\/\" target=\"_blank\" rel=\"noreferrer noopener\">asesinado<\/a><\/u>&nbsp;a balazos. Desde hac\u00eda a\u00f1os cubr\u00eda cr\u00edmenes y compart\u00eda preocupaciones ciudadanas.<br \/>&nbsp;<\/li>\n<\/ul>\n\n\n\n<h3 class=\"wp-block-heading text-align-justify\"><strong>Una espiral de violencia fuera de control en la regi\u00f3n<\/strong><\/h3>\n\n\n\n<p class=\"text-align-justify\">En Per\u00fa, dos asesinatos conmocionaron el panorama medi\u00e1tico.&nbsp;<strong>Gast\u00f3n Medina Sotomayor<\/strong>, fundador y presentador del canal regional&nbsp;<em>Cadena Sur TV<\/em>, muy seguido en la municipalidad de Ica, fue&nbsp;<u><a href=\"https:\/\/rsf.org\/es\/el-gobierno-peruano-debe-llevar-cabo-una-investigaci%C3%B3n-ejemplar-sobre-el-asesinato-de-gast%C3%B3n-medina\">asesinado<\/a><\/u>&nbsp;en enero de 2025. Denunciaba la corrupci\u00f3n y criticaba la actuaci\u00f3n de las autoridades locales. En mayo de 2025,&nbsp;<strong>Ra\u00fal Celis L\u00f3pez<\/strong>, conductor de un noticiero matutino en&nbsp;<em>Radio Karibe\u00f1a<\/em>, fue&nbsp;<u><a href=\"https:\/\/rsf.org\/es\/per%C3%BA-rsf-condena-el-asesinato-del-periodista-ra%C3%BAl-celis-l%C3%B3pez-y-pide-medidas-urgentes-para-proteger\">ejecutado<\/a><\/u>&nbsp;en la ciudad de Iquitos. Recientemente hab\u00eda reportado haber recibido amenazas por su cobertura de temas ambientales y tr\u00e1fico ilegal en la Amazon\u00eda peruana.<\/p>\n\n\n\n<blockquote class=\"wp-block-quote\">\n<p><em>\u201cRSF condena los asesinatos de al menos trece periodistas en Am\u00e9rica Latina ocurridos durante los primeros siete meses del a\u00f1o 2025. Esta tendencia confirma el grave deterioro de las condiciones de seguridad para la profesi\u00f3n en la regi\u00f3n, en especial para quienes investigan temas delicados. RSF denuncia la persistencia de la impunidad y la falta de voluntad pol\u00edtica suficiente que alimenta esta violencia. Exigimos a los Estados que refuercen las garant\u00edas de seguridad para la prensa, mejoren los mecanismos de protecci\u00f3n y lleven a cabo investigaciones r\u00e1pidas, independientes y exhaustivas.<\/em><\/p>\n\n\n\n<p>Artur Romeu<\/p>\n\n\n\n<p>Director, RSF Am\u00e9rica Latina<\/p>\n<\/blockquote>\n\n\n\n<p class=\"text-align-justify\">En Colombia, el&nbsp;<a href=\"https:\/\/x.com\/RSF_esp\/status\/1882855756938268886\" target=\"_blank\" rel=\"noreferrer noopener\" class=\"external-website\"><u>asesinato<\/u><\/a>&nbsp;del periodista independiente&nbsp;<strong>\u00d3scar G\u00f3mez Agudelo<\/strong>&nbsp;en enero de 2025 se suma a un contexto ya cr\u00edtico para los reporteros regionales que investigan los v\u00ednculos entre grupos armados y administraciones locales. El 5 de julio,&nbsp;<strong>Gustavo Chicangana \u00c1lvarez<\/strong>, director de la radio&nbsp;<em>Guaviare Est\u00e9reo<\/em>&nbsp;y corresponsal de&nbsp;<em>Radio Caracol<\/em>,&nbsp;<a href=\"https:\/\/www.wradio.com.co\/2025\/07\/06\/el-periodista-gustavo-chicangana-resulto-herido-con-arma-de-fuego\/\" target=\"_blank\" rel=\"noreferrer noopener\" class=\"external-website\"><u>sobrevivi\u00f3<\/u><\/a>&nbsp;a un intento de asesinato: tras tres disparos, el arma se atasc\u00f3. Las autoridades consideran el incidente como un ataque dirigido, probablemente vinculado a sus reportajes sobre desplazamientos forzados y la presencia de grupos armados en la regi\u00f3n.<\/p>\n\n\n\n<p class=\"text-align-justify\">En Guatemala, en marzo de 2025,&nbsp;<strong>Ismael Alonzo Gonz\u00e1lez<\/strong>&nbsp;fue&nbsp;<u><a href=\"https:\/\/rsf.org\/es\/guatemala-rsf-pide-una-investigaci%C3%B3n-sobre-el-asesinato-de-ismael-alonzo-gonz%C3%A1lez-y-exige\">asesinado<\/a><\/u>&nbsp;frente a su domicilio, de un disparo en la cabeza por parte de individuos que luego huyeron. Dirig\u00eda&nbsp;<em>Producciones Alonzo<\/em>, una p\u00e1gina de Facebook dedicada a noticias locales y comunitarias.<\/p>\n\n\n\n<figure class=\"wp-block-image size-large\"><img decoding=\"async\" loading=\"lazy\" width=\"650\" height=\"365\" src=\"https:\/\/www.noticiashondurashn.com\/wp-content\/uploads\/2025\/07\/img_3141-1-650x365.jpg\" alt=\"\" class=\"wp-image-18955\" srcset=\"https:\/\/www.noticiashondurashn.com\/wp-content\/uploads\/2025\/07\/img_3141-1-650x365.jpg 650w, https:\/\/www.noticiashondurashn.com\/wp-content\/uploads\/2025\/07\/img_3141-1-300x168.jpg 300w, https:\/\/www.noticiashondurashn.com\/wp-content\/uploads\/2025\/07\/img_3141-1-768x431.jpg 768w, https:\/\/www.noticiashondurashn.com\/wp-content\/uploads\/2025\/07\/img_3141-1.jpg 1110w\" sizes=\"(max-width: 650px) 100vw, 650px\" \/><\/figure>\n\n\n\n<p class=\"text-align-justify\">En Ecuador, el periodista&nbsp;<strong>Patricio Ernesto Aguilar V\u00e1squez<\/strong>, editor en jefe del medio digital&nbsp;<em>El Libertador<\/em>, fue&nbsp;<u><a href=\"https:\/\/rsf.org\/es\/ecuador-rsf-condena-el-asesinato-del-periodista-patricio-aguilar-y-exige-una-investigaci%C3%B3n-urgente\">asesinado<\/a><\/u>&nbsp;en marzo de 2025 en la ciudad costera de Esmeraldas. El medio, reconocido por su tono cr\u00edtico y trabajo de investigaci\u00f3n, hab\u00eda publicado d\u00edas antes un informe sobre redes de corrupci\u00f3n que operaban en el puerto local.<\/p>\n\n\n\n<p>Tomado de ref.org<\/p>\n","protected":false},"excerpt":{"rendered":"<p>Desde enero pasado, Reporteros Sin Fronteras (RSF) ha documentado el asesinato de al menos 13 periodistas en Am\u00e9rica Latina. Esta<\/p>\n","protected":false},"author":1,"featured_media":18955,"comment_status":"closed","ping_status":"open","sticky":false,"template":"","format":"standard","meta":[],"categories":[41,34],"tags":[56,76,35],"_links":{"self":[{"href":"https:\/\/www.noticiashondurashn.com\/index.php?rest_route=\/wp\/v2\/posts\/18956"}],"collection":[{"href":"https:\/\/www.noticiashondurashn.com\/index.php?rest_route=\/wp\/v2\/posts"}],"about":[{"href":"https:\/\/www.noticiashondurashn.com\/index.php?rest_route=\/wp\/v2\/types\/post"}],"author":[{"embeddable":true,"href":"https:\/\/www.noticiashondurashn.com\/index.php?rest_route=\/wp\/v2\/users\/1"}],"replies":[{"embeddable":true,"href":"https:\/\/www.noticiashondurashn.com\/index.php?rest_route=%2Fwp%2Fv2%2Fcomments&post=18956"}],"version-history":[{"count":2,"href":"https:\/\/www.noticiashondurashn.com\/index.php?rest_route=\/wp\/v2\/posts\/18956\/revisions"}],"predecessor-version":[{"id":18958,"href":"https:\/\/www.noticiashondurashn.com\/index.php?rest_route=\/wp\/v2\/posts\/18956\/revisions\/18958"}],"wp:featuredmedia":[{"embeddable":true,"href":"https:\/\/www.noticiashondurashn.com\/index.php?rest_route=\/wp\/v2\/media\/18955"}],"wp:attachment":[{"href":"https:\/\/www.noticiashondurashn.com\/index.php?rest_route=%2Fwp%2Fv2%2Fmedia&parent=18956"}],"wp:term":[{"taxonomy":"category","embeddable":true,"href":"https:\/\/www.noticiashondurashn.com\/index.php?rest_route=%2Fwp%2Fv2%2Fcategories&post=18956"},{"taxonomy":"post_tag","embeddable":true,"href":"https:\/\/www.noticiashondurashn.com\/index.php?rest_route=%2Fwp%2Fv2%2Ftags&post=18956"}],"curies":[{"name":"wp","href":"https:\/\/api.w.org\/{rel}","templated":true}]}}