{"id":16500,"date":"2020-05-03T17:42:00","date_gmt":"2020-05-03T23:42:00","guid":{"rendered":"http:\/\/www.noticiashondurashn.com\/?p=16500"},"modified":"2020-05-04T05:48:24","modified_gmt":"2020-05-04T11:48:24","slug":"libertad-de-prensa","status":"publish","type":"post","link":"https:\/\/www.noticiashondurashn.com\/?p=16500","title":{"rendered":"Libertad de prensa"},"content":{"rendered":"\n<p><strong>Por Julio C\u00e9sar Gonz\u00e1lez Murillo<\/strong><\/p>\n\n\n\n<p>3 de mayo, se conmemora el \u201cD\u00eda Mundial de la Libertad de Prensa\u201d en un ambiente de luto y dolor, y deprofundos efectos econ\u00f3micos y psicosociales (angustia, depresi\u00f3n, miedo, incertidumbre, y aislamiento f\u00edsico temporal, preventivo y obligatorio) provocados por la enfermedad de la pandemia del corona virus COVID-19 que ha puesto al descubierto \u2013entre otros indicadores- la vulnerabilidad de los sistemas sanitarios en el planeta, en la regi\u00f3n latinoamericana y en nuestro pa\u00eds. Mientras las autoridades sanitarias dictan y vigilan el cumplimiento estricto de las medidas de bioseguridad, la comunidad cient\u00edfica hace ensayos con tratamientos (f\u00e1rmacos) para contrarrestarlo, y procura coordinar acciones para encontrar la vacuna para prevenirlo, controlarlo e, idealmente, inmunizarnos.<br \/>Pero este d\u00eda, que deber\u00eda ser de pleno j\u00fabilo para todos aquellos que abrazan la noble misi\u00f3n de informar y formar opini\u00f3n, sin importar las limitaciones de recursos financieros, t\u00e9cnicos y log\u00edsticos, as\u00ed como, los riesgos y calamidades, es un d\u00eda aciago porque esta efem\u00e9ride se da en un contexto pol\u00edtico de intimidaci\u00f3n a la prensa honesta que revela y denuncia actos de corrupci\u00f3n, de estad\u00edsticas sobre cr\u00edmenes de periodistas serios e independientes y de flagrantes o sutiles amenazas al ejercicio \u00e9tico de la libertad de prensa.<br \/>La libertad de prensa deriva del derecho a la libertad de expresi\u00f3n porque esta es la primera expresi\u00f3n de libertad. Solo los gobiernos desp\u00f3ticos conculcan este sagrado derecho a la informaci\u00f3n y a la comunicaci\u00f3n, manifestada en diferentes modalidades (medios impresos y electr\u00f3nicos). Estos gobiernos \u2013que proliferan en el planeta- afectan la democracia, la paz y la justicia social.<br \/>Aqu\u00ed, en nuestro amado pa\u00eds, estamos en deuda con la aplicaci\u00f3n irrestricta de lo establecido en el art\u00edculo 19 de la Declaraci\u00f3n Universal de los Derechos Humanos de las Naciones Unidas de 1948, que reza:<br \/>\u201cTodo individuo tiene derecho a la libertad de opini\u00f3n y de expresi\u00f3n; este derecho incluye el de no ser molestado a causa de sus opiniones, el de investigar y recibir informaciones y opiniones, y el de difundirlas, sin limitaci\u00f3n de fronteras, por cualquier medio de expresi\u00f3n\u201d.<br \/>Los periodistas, en nuestro medio, deber\u00edan opinar sin temor a represalias y censuras.<br \/>Por eso \u2013como ciudadanos- abogamos por derogar la denominada \u201cley de secretos\u201d, fortalecer el IAIP y derogar todo art\u00edculo contenido en el nuevo c\u00f3digo penal que atente contra este sagrado derecho a la libertad de prensa, se\u00f1alamientos que ha hecho \u2013reiteradamente- el Colegio de Periodistas de Honduras, la Asociaci\u00f3n de Medios de Comunicaci\u00f3n de Honduras (AMC), el Consejo Nacional Anticorrupci\u00f3n (CNA) y la Conferencia Episcopal de Honduras (CEH), entre otras organizaciones de la sociedad civil.<br \/>Para todos los periodistas y medios de comunicaci\u00f3n que hacen gala de la \u00e9tica en el ejercicio de su misi\u00f3n empresarial y\/o profesional van mis palabras de aliento y reconocimiento sincero, exhort\u00e1ndolos a que contin\u00faen con su trayectoria honesta y valiente, por m\u00e1s hostil y riesgoso que sea el ambiente en que trabajen.<br \/>La construcci\u00f3n de un mundo mejor solo puede ser el resultado de una lucha tenaz y cotidiana, sin cuartel y tregua alguna. Para ello, la libertad de prensa es una condici\u00f3n sine qua non.<br \/>Finalmente, dos cosas que debemos tener presente:<\/p>\n\n\n\n<ol><li>Toda persona tiene derecho a la libertad de pensamiento y;<\/li><li>El respeto a la libertad de prensa catapulta el derecho leg\u00edtimo a la dignidad humana.<\/li><\/ol>\n","protected":false},"excerpt":{"rendered":"<p>Por Julio C\u00e9sar Gonz\u00e1lez Murillo 3 de mayo, se conmemora el \u201cD\u00eda Mundial de la Libertad de Prensa\u201d en un<\/p>\n","protected":false},"author":1,"featured_media":16501,"comment_status":"open","ping_status":"open","sticky":false,"template":"","format":"standard","meta":[],"categories":[13,92],"tags":[3,76,35],"_links":{"self":[{"href":"https:\/\/www.noticiashondurashn.com\/index.php?rest_route=\/wp\/v2\/posts\/16500"}],"collection":[{"href":"https:\/\/www.noticiashondurashn.com\/index.php?rest_route=\/wp\/v2\/posts"}],"about":[{"href":"https:\/\/www.noticiashondurashn.com\/index.php?rest_route=\/wp\/v2\/types\/post"}],"author":[{"embeddable":true,"href":"https:\/\/www.noticiashondurashn.com\/index.php?rest_route=\/wp\/v2\/users\/1"}],"replies":[{"embeddable":true,"href":"https:\/\/www.noticiashondurashn.com\/index.php?rest_route=%2Fwp%2Fv2%2Fcomments&post=16500"}],"version-history":[{"count":1,"href":"https:\/\/www.noticiashondurashn.com\/index.php?rest_route=\/wp\/v2\/posts\/16500\/revisions"}],"predecessor-version":[{"id":16502,"href":"https:\/\/www.noticiashondurashn.com\/index.php?rest_route=\/wp\/v2\/posts\/16500\/revisions\/16502"}],"wp:featuredmedia":[{"embeddable":true,"href":"https:\/\/www.noticiashondurashn.com\/index.php?rest_route=\/wp\/v2\/media\/16501"}],"wp:attachment":[{"href":"https:\/\/www.noticiashondurashn.com\/index.php?rest_route=%2Fwp%2Fv2%2Fmedia&parent=16500"}],"wp:term":[{"taxonomy":"category","embeddable":true,"href":"https:\/\/www.noticiashondurashn.com\/index.php?rest_route=%2Fwp%2Fv2%2Fcategories&post=16500"},{"taxonomy":"post_tag","embeddable":true,"href":"https:\/\/www.noticiashondurashn.com\/index.php?rest_route=%2Fwp%2Fv2%2Ftags&post=16500"}],"curies":[{"name":"wp","href":"https:\/\/api.w.org\/{rel}","templated":true}]}}