{"id":16417,"date":"2020-04-09T14:08:39","date_gmt":"2020-04-09T20:08:39","guid":{"rendered":"http:\/\/www.noticiashondurashn.com\/?p=16417"},"modified":"2020-04-09T14:08:43","modified_gmt":"2020-04-09T20:08:43","slug":"empresarios-piden-veeduria-social-y-transparencia-en-manejo-de-fondos-para-crisis","status":"publish","type":"post","link":"https:\/\/www.noticiashondurashn.com\/?p=16417","title":{"rendered":"Empresarios piden veedur\u00eda social y transparencia en manejo de fondos para crisis"},"content":{"rendered":"\n<p>Organizaciones empresariales de Honduras pidieron hoy al gobierno aplicar algunas medidas econ\u00f3micas para aliviar la crisis sanitariany econ\u00f3mica, como  la pr\u00f3rroga en el pago de Servicios P\u00fablicos y Comunicaciones, Impuestos y Contribuciones Obrero-Patronales. <br \/><\/p>\n\n\n\n<p>Asimismo incentivos de cr\u00e9dito fiscal para empresas que contin\u00faen pagando salarios durante el per\u00edodo de emergencia y acceso a L\u00edneas de Cr\u00e9dito a largo plazo con tasa simb\u00f3lica con garant\u00eda gubernamental para protecci\u00f3n de empleos.<\/p>\n\n\n\n<p>Las organizaciones, entre las que se encuentra la C\u00e1mara de Comercio e Industrias de Cort\u00e9s (CCIC) de Tegucigalpa, la Federaci\u00f3n de C\u00e1maras de Comercio y la Asociaci\u00f3n Nacional de Industriales (ANDI) tambi\u00e9n solicitan mecanismos de Veedur\u00eda Social y Transparencia en el manejo de los fondos que se han destinado para la emergencia.<\/p>\n\n\n\n<p>Adem\u00e1s consideran que el gobierno debe reformular el  Presupuesto General de la Rep\u00fablica para reorientar recursos a los sectores de salud, \u00e1reas sociales y para la protecci\u00f3n de empleos. <br \/><\/p>\n\n\n\n<p>Las organizaciones solicitan la implementaci\u00f3n a la brevedad de estas propuestas, \u201cya que la proyecci\u00f3n real del crecimiento del PIB a precios constantes ser\u00eda de -13% pero de tomarse estas medidas el impacto pudiera reducirse a -8%\u201d. <br \/> <br \/>Consideran que es indispensable que se implementen las medidas de alivio indicadas para beneficio de todo el pueblo hondure\u00f1o, la micro, peque\u00f1a, mediana y la gran empresa, as\u00ed como para todo el sector informal de nuestra econom\u00eda para minimizar las p\u00e9rdidas de empleos y aumento de la pobreza. <br \/><\/p>\n","protected":false},"excerpt":{"rendered":"<p>Organizaciones empresariales de Honduras pidieron hoy al gobierno aplicar algunas medidas econ\u00f3micas para aliviar la crisis sanitariany econ\u00f3mica, como la<\/p>\n","protected":false},"author":1,"featured_media":16418,"comment_status":"open","ping_status":"open","sticky":false,"template":"","format":"standard","meta":[],"categories":[26,13],"tags":[57,68,3],"_links":{"self":[{"href":"https:\/\/www.noticiashondurashn.com\/index.php?rest_route=\/wp\/v2\/posts\/16417"}],"collection":[{"href":"https:\/\/www.noticiashondurashn.com\/index.php?rest_route=\/wp\/v2\/posts"}],"about":[{"href":"https:\/\/www.noticiashondurashn.com\/index.php?rest_route=\/wp\/v2\/types\/post"}],"author":[{"embeddable":true,"href":"https:\/\/www.noticiashondurashn.com\/index.php?rest_route=\/wp\/v2\/users\/1"}],"replies":[{"embeddable":true,"href":"https:\/\/www.noticiashondurashn.com\/index.php?rest_route=%2Fwp%2Fv2%2Fcomments&post=16417"}],"version-history":[{"count":1,"href":"https:\/\/www.noticiashondurashn.com\/index.php?rest_route=\/wp\/v2\/posts\/16417\/revisions"}],"predecessor-version":[{"id":16419,"href":"https:\/\/www.noticiashondurashn.com\/index.php?rest_route=\/wp\/v2\/posts\/16417\/revisions\/16419"}],"wp:featuredmedia":[{"embeddable":true,"href":"https:\/\/www.noticiashondurashn.com\/index.php?rest_route=\/wp\/v2\/media\/16418"}],"wp:attachment":[{"href":"https:\/\/www.noticiashondurashn.com\/index.php?rest_route=%2Fwp%2Fv2%2Fmedia&parent=16417"}],"wp:term":[{"taxonomy":"category","embeddable":true,"href":"https:\/\/www.noticiashondurashn.com\/index.php?rest_route=%2Fwp%2Fv2%2Fcategories&post=16417"},{"taxonomy":"post_tag","embeddable":true,"href":"https:\/\/www.noticiashondurashn.com\/index.php?rest_route=%2Fwp%2Fv2%2Ftags&post=16417"}],"curies":[{"name":"wp","href":"https:\/\/api.w.org\/{rel}","templated":true}]}}