{"id":1292,"date":"2014-08-19T15:16:50","date_gmt":"2014-08-19T21:16:50","guid":{"rendered":"http:\/\/www.noticiashondurashn.com\/?p=1292"},"modified":"2014-08-19T15:16:50","modified_gmt":"2014-08-19T21:16:50","slug":"ee-uu-y-honduras-compartiran-informacion-sobre-antecedentes-de-repatriados","status":"publish","type":"post","link":"https:\/\/www.noticiashondurashn.com\/?p=1292","title":{"rendered":"EE.UU y Honduras compartir\u00e1n informaci\u00f3n sobre antecedentes de repatriados"},"content":{"rendered":"<p><a href=\"http:\/\/www.noticiashondurashn.com\/wp-content\/uploads\/2014\/08\/image68.jpg\"><img decoding=\"async\" loading=\"lazy\" src=\"http:\/\/www.noticiashondurashn.com\/wp-content\/uploads\/2014\/08\/image68-300x189.jpg\" alt=\"Firma de convenio\" width=\"300\" height=\"189\" class=\"alignnone size-medium wp-image-1293\" srcset=\"https:\/\/www.noticiashondurashn.com\/wp-content\/uploads\/2014\/08\/image68-300x189.jpg 300w, https:\/\/www.noticiashondurashn.com\/wp-content\/uploads\/2014\/08\/image68-1024x645.jpg 1024w\" sizes=\"(max-width: 300px) 100vw, 300px\" \/><\/a>El Subsecretario Adjunto Principal de la Oficina de Inmigraci\u00f3n y Control de Aduanas de los Estados Unidos (ICE, por sus siglas en ingl\u00e9s), Thomas Winkowski y el Director General de la Polic\u00eda Nacional de Honduras, Ram\u00f3n Sabill\u00f3n firmaron un Memor\u00e1ndum de Cooperaci\u00f3n para mejorar los procesos para compartir informaci\u00f3n.<br \/>\nMediante el convenio se podr\u00e1 compartir todo lo relacionado a informaci\u00f3n migratoria y antecedentes criminales de ciudadanos hondure\u00f1os que son repatriados de los Estados Unidos hacia Honduras.<br \/>\nLa ceremonia de firma tuvo lugar hoy en el Cuartel General de la Polic\u00eda Nacional de Honduras en Tegucigalpa.<br \/>\n\u201cLa firma de hoy es un reflejo de la gran relaci\u00f3n bilateral que tenemos con el gobierno de Honduras\u201d, afirm\u00f3 Winkowski.<br \/>\n\u201cEl hecho de poder compartir informaci\u00f3n sobre antecedentes criminales permite que ambos pa\u00edses puedan proteger mejor a sus ciudadanos\u201d, agreg\u00f3 el funcionario norteamericano de visita en el pa\u00eds.<br \/>\nEl acuerdo se da precisamente cuando una gran cantidad de hondure\u00f1os est\u00e1n siendo deportados de Estados Unidos, incluyendo j\u00f3venes y ni\u00f1os que huyen de la delincuencia y la falta de oportunidades en el pa\u00eds, entre otros.<\/p>\n","protected":false},"excerpt":{"rendered":"<p>El Subsecretario Adjunto Principal de la Oficina de Inmigraci\u00f3n y Control de Aduanas de los Estados Unidos (ICE, por sus<\/p>\n","protected":false},"author":1,"featured_media":1293,"comment_status":"open","ping_status":"open","sticky":false,"template":"","format":"standard","meta":[],"categories":[13],"tags":[21],"_links":{"self":[{"href":"https:\/\/www.noticiashondurashn.com\/index.php?rest_route=\/wp\/v2\/posts\/1292"}],"collection":[{"href":"https:\/\/www.noticiashondurashn.com\/index.php?rest_route=\/wp\/v2\/posts"}],"about":[{"href":"https:\/\/www.noticiashondurashn.com\/index.php?rest_route=\/wp\/v2\/types\/post"}],"author":[{"embeddable":true,"href":"https:\/\/www.noticiashondurashn.com\/index.php?rest_route=\/wp\/v2\/users\/1"}],"replies":[{"embeddable":true,"href":"https:\/\/www.noticiashondurashn.com\/index.php?rest_route=%2Fwp%2Fv2%2Fcomments&post=1292"}],"version-history":[{"count":1,"href":"https:\/\/www.noticiashondurashn.com\/index.php?rest_route=\/wp\/v2\/posts\/1292\/revisions"}],"predecessor-version":[{"id":1294,"href":"https:\/\/www.noticiashondurashn.com\/index.php?rest_route=\/wp\/v2\/posts\/1292\/revisions\/1294"}],"wp:featuredmedia":[{"embeddable":true,"href":"https:\/\/www.noticiashondurashn.com\/index.php?rest_route=\/wp\/v2\/media\/1293"}],"wp:attachment":[{"href":"https:\/\/www.noticiashondurashn.com\/index.php?rest_route=%2Fwp%2Fv2%2Fmedia&parent=1292"}],"wp:term":[{"taxonomy":"category","embeddable":true,"href":"https:\/\/www.noticiashondurashn.com\/index.php?rest_route=%2Fwp%2Fv2%2Fcategories&post=1292"},{"taxonomy":"post_tag","embeddable":true,"href":"https:\/\/www.noticiashondurashn.com\/index.php?rest_route=%2Fwp%2Fv2%2Ftags&post=1292"}],"curies":[{"name":"wp","href":"https:\/\/api.w.org\/{rel}","templated":true}]}}