{"id":12666,"date":"2018-02-03T21:01:34","date_gmt":"2018-02-04T03:01:34","guid":{"rendered":"http:\/\/www.noticiashondurashn.com\/?p=12666"},"modified":"2018-02-04T20:50:42","modified_gmt":"2018-02-05T02:50:42","slug":"policia-detiene-y-golpea-menor-solo-por-cantar-fuera-joh","status":"publish","type":"post","link":"https:\/\/www.noticiashondurashn.com\/?p=12666","title":{"rendered":"Policias detienen y golpean a menor solo por cantar \u201cfuera Joh\u201d"},"content":{"rendered":"<p>Un menor de 13 a\u00f1os de edad fue fuertemente golpeado por elementos de la Policia en la Entrada, Cop\u00e1n el jueves anterior, sencillamente porque cantaba la canci\u00f3n \u00a1fuera Joh!.<\/p>\n<p>El joven llego al crematorio municipal de la Entrada de Copan a retirar pertenencias de su padre, ya que trabajaba como vijilante en dicho lugar y al momento de ingresar al crematorio una radio patrulla policial pasaba por el lugar.<\/p>\n<p>El menor de 13 a\u00f1os iba cantando el estribillo \u201cjoh, Joh es pa\u2019 fuera que vas\u201d, lo que enardeci\u00f3 a los agentes policiales que se bajaron de la patrulla para darle detenci\u00f3n.<\/p>\n<p>El menor, cuyo nombre se omite porque la ley as\u00ed lo manda, se les opuso argumentado que no estaba cometiendo ningun delito, pero en ese momento los agentes policiales empezaron a usar la fuerza agrediendolo a golpes.<\/p>\n<p>Los \u201cvalientes\u201d polic\u00edas posteriormente dieron capturan al indefenso menor y lo trasladaron a la jefatura policial en la Entrada, Cop\u00e1n, aunque posteriormente lo dejaron en libertad.<\/p>\n<p>La situaci\u00f3n desat\u00f3 las protestas en las redes sociales contra el acto policial, Leticia Barahona para el caso escribi\u00f3 \u201ceso si ya es lo \u00faltimo y d\u00f3nde est\u00e1n los desechos humanos deber\u00edan de llamarse\u201d.<\/p>\n<p>Por su parte, Ana Erazo expres\u00f3 que \u201csi a los polic\u00edas no les gusta o\u00edr cantar, que se tapen los oidos, si tanto les puede\u201d.<\/p>\n<p>El periodista Mois\u00e9s Ruiz de canal 28 de Santa Rosa de Cop\u00e1n, quien difundi\u00f3 la noticia, manifest\u00f3 que los padres del menor por temor no quisieron presentar la denuncia ante los organismos de derechos humanos.<\/p>\n<p>Sin embargo, de oficio la fiscal\u00eda especial de Derechos Humanos o el reci\u00e9n creado ministerio de Derechos Humanos de oficio debe investigar el repudiable hecho.<\/p>\n","protected":false},"excerpt":{"rendered":"<p>Un menor de 13 a\u00f1os de edad fue fuertemente golpeado por elementos de la Policia en la Entrada, Cop\u00e1n el<\/p>\n","protected":false},"author":1,"featured_media":12668,"comment_status":"open","ping_status":"open","sticky":false,"template":"","format":"standard","meta":[],"categories":[88,13],"tags":[70,32,3,10],"_links":{"self":[{"href":"https:\/\/www.noticiashondurashn.com\/index.php?rest_route=\/wp\/v2\/posts\/12666"}],"collection":[{"href":"https:\/\/www.noticiashondurashn.com\/index.php?rest_route=\/wp\/v2\/posts"}],"about":[{"href":"https:\/\/www.noticiashondurashn.com\/index.php?rest_route=\/wp\/v2\/types\/post"}],"author":[{"embeddable":true,"href":"https:\/\/www.noticiashondurashn.com\/index.php?rest_route=\/wp\/v2\/users\/1"}],"replies":[{"embeddable":true,"href":"https:\/\/www.noticiashondurashn.com\/index.php?rest_route=%2Fwp%2Fv2%2Fcomments&post=12666"}],"version-history":[{"count":5,"href":"https:\/\/www.noticiashondurashn.com\/index.php?rest_route=\/wp\/v2\/posts\/12666\/revisions"}],"predecessor-version":[{"id":12676,"href":"https:\/\/www.noticiashondurashn.com\/index.php?rest_route=\/wp\/v2\/posts\/12666\/revisions\/12676"}],"wp:featuredmedia":[{"embeddable":true,"href":"https:\/\/www.noticiashondurashn.com\/index.php?rest_route=\/wp\/v2\/media\/12668"}],"wp:attachment":[{"href":"https:\/\/www.noticiashondurashn.com\/index.php?rest_route=%2Fwp%2Fv2%2Fmedia&parent=12666"}],"wp:term":[{"taxonomy":"category","embeddable":true,"href":"https:\/\/www.noticiashondurashn.com\/index.php?rest_route=%2Fwp%2Fv2%2Fcategories&post=12666"},{"taxonomy":"post_tag","embeddable":true,"href":"https:\/\/www.noticiashondurashn.com\/index.php?rest_route=%2Fwp%2Fv2%2Ftags&post=12666"}],"curies":[{"name":"wp","href":"https:\/\/api.w.org\/{rel}","templated":true}]}}