{"id":12339,"date":"2018-01-02T16:08:52","date_gmt":"2018-01-02T22:08:52","guid":{"rendered":"http:\/\/www.noticiashondurashn.com\/?p=12339"},"modified":"2018-01-02T16:08:52","modified_gmt":"2018-01-02T22:08:52","slug":"la-alianza-anuncia-manifestacion-en-sps","status":"publish","type":"post","link":"https:\/\/www.noticiashondurashn.com\/?p=12339","title":{"rendered":"La Alianza anuncia manifestaci\u00f3n en SPS"},"content":{"rendered":"<p>El excandidato de la Alianza de la Oposici\u00f3n contra la Dictadura, Salvador Nasralla anunci\u00f3 que el pr\u00f3ximo s\u00e1bado 06 de enero volver\u00e1n a las calles para movilizarse pac\u00edficamente con el pueblo de San Pedro Sula.<\/p>\n<p>Nasralla en conferencia de prensa refiri\u00f3 que este mes de enero ser\u00e1 recordado y ser\u00e1 hist\u00f3rico en Honduras porque \"8 de cada 10 hondure\u00f1os desean que Juan Orlando Hern\u00e1ndez abandone Casa Presidencial el 27 de enero.<\/p>\n<p>Igualmente anunci\u00f3 que el tomara posesi\u00f3n el 27 de enero de este a\u00f1o como Presidente de Honduras.<\/p>\n<p>En cuanto al di\u00e1logo propuesto para solucionar la crisis pol\u00edtica dijo que  \u201cno debe ser como lo plantea el usurpador, cualquier di\u00e1logo no lo puede encabezar Juan Orlando Hern\u00e1ndez, debe ser encabezado por un mediador internacional\".<\/p>\n<p>Nasralla tambi\u00e9n denunci\u00f3 que \u201cel r\u00e9gimen de Juan Orlando Hern\u00e1ndez esta armando cuerpos paramilitares y escuadrones de la muerte a efecto de perseguir, amedrentar y asesinar opositores en Honduras.<\/p>\n<p>Revel\u00f3 que \"la unidad de la Alianza de Oposici\u00f3n es absoluta; Manuel Zelaya sigue y seguir\u00e1 siendo el Coordinador General\" <\/p>\n<p>Por su parte, el coordinador de la Alianza Jos\u00e9  Manuel Zelaya Rosales manifest\u00f3 que \"enero es el mes del pueblo, el pueblo debe asumir la defensa de su voluntad expresada en las urnas, el pueblo debe ejercer su derecho a la protesta y tambi\u00e9n debe defenderse\".<\/p>\n<p>\"Estados Unidos puede avalar esta Dictadura, Estados Unidos ha avalado las peores dictaduras en Am\u00e9rica Latina, desde los Somoza en Nicaragua hasta Rafael Leonidas Trujillo en la Dominicana; pero que Estados Unidos avale esta Dictadura no significa que el pueblo hondureno la acepte\", finaliz\u00f3 Zelaya Rosales.<\/p>\n","protected":false},"excerpt":{"rendered":"<p>El excandidato de la Alianza de la Oposici\u00f3n contra la Dictadura, Salvador Nasralla anunci\u00f3 que el pr\u00f3ximo s\u00e1bado 06 de<\/p>\n","protected":false},"author":1,"featured_media":12341,"comment_status":"open","ping_status":"open","sticky":false,"template":"","format":"standard","meta":[],"categories":[104,13],"tags":[57,3,80],"_links":{"self":[{"href":"https:\/\/www.noticiashondurashn.com\/index.php?rest_route=\/wp\/v2\/posts\/12339"}],"collection":[{"href":"https:\/\/www.noticiashondurashn.com\/index.php?rest_route=\/wp\/v2\/posts"}],"about":[{"href":"https:\/\/www.noticiashondurashn.com\/index.php?rest_route=\/wp\/v2\/types\/post"}],"author":[{"embeddable":true,"href":"https:\/\/www.noticiashondurashn.com\/index.php?rest_route=\/wp\/v2\/users\/1"}],"replies":[{"embeddable":true,"href":"https:\/\/www.noticiashondurashn.com\/index.php?rest_route=%2Fwp%2Fv2%2Fcomments&post=12339"}],"version-history":[{"count":2,"href":"https:\/\/www.noticiashondurashn.com\/index.php?rest_route=\/wp\/v2\/posts\/12339\/revisions"}],"predecessor-version":[{"id":12342,"href":"https:\/\/www.noticiashondurashn.com\/index.php?rest_route=\/wp\/v2\/posts\/12339\/revisions\/12342"}],"wp:featuredmedia":[{"embeddable":true,"href":"https:\/\/www.noticiashondurashn.com\/index.php?rest_route=\/wp\/v2\/media\/12341"}],"wp:attachment":[{"href":"https:\/\/www.noticiashondurashn.com\/index.php?rest_route=%2Fwp%2Fv2%2Fmedia&parent=12339"}],"wp:term":[{"taxonomy":"category","embeddable":true,"href":"https:\/\/www.noticiashondurashn.com\/index.php?rest_route=%2Fwp%2Fv2%2Fcategories&post=12339"},{"taxonomy":"post_tag","embeddable":true,"href":"https:\/\/www.noticiashondurashn.com\/index.php?rest_route=%2Fwp%2Fv2%2Ftags&post=12339"}],"curies":[{"name":"wp","href":"https:\/\/api.w.org\/{rel}","templated":true}]}}