{"id":11926,"date":"2017-11-30T05:37:17","date_gmt":"2017-11-30T11:37:17","guid":{"rendered":"http:\/\/www.noticiashondurashn.com\/?p=11926"},"modified":"2017-11-30T05:37:17","modified_gmt":"2017-11-30T11:37:17","slug":"militares-reprimen-a-manifestantes-y-periodistas-en-tegucigalpa-y-sps","status":"publish","type":"post","link":"https:\/\/www.noticiashondurashn.com\/?p=11926","title":{"rendered":"Militares reprimen a manifestantes y periodistas en Tegucigalpa y SPS"},"content":{"rendered":"<p>Tras una serie de manifestaciones pac\u00edficas a nivel nacional la Polic\u00eda Nacional de Honduras inici\u00f3 una fuerte represi\u00f3n con gases lacrim\u00f3genos y chorros de agua. La acci\u00f3n ocurri\u00f3 de forma simult\u00e1nea a inmediaciones del del Instituto Nacional de Formaci\u00f3n Profesional (INFOP) en Tegucigalpa y la entrada de la colonia L\u00f3pez Arellano en San Pedro Sula.<\/p>\n<p>Como pudo comprobar el Comit\u00e9 por la Libre Expresi\u00f3n (C-Libre) a las afueras del INFOP, donde el Tribunal Supremo Electoral ha establecido el centro log\u00edstico y almacenamiento de las maletas electorales, entre los manifestantes se encontraban mujeres, ni\u00f1os, personas de la tercera edad.<\/p>\n<p>\u201cEst\u00e1bamos tranquilamente celebrando de forma pac\u00edfica, cuando Manuel Zelaya Rosales y el presidente electo, Salvador Nasrralla tocaron la puerta y los polic\u00edas empezaron a disparar gases lacrim\u00f3genos\u201d, gritaba uno de los manifestantes al narrar r\u00e1pidamente lo ocurrido en declaraciones a UNE TV.<\/p>\n<p>Hac\u00eda el filo de las 11:30 p.m. las acciones de represi\u00f3n se extendieron tambi\u00e9n para la manifestaci\u00f3n en la entrada de la colonia L\u00f3pez Arellano en San Pedro Sula, indic\u00f3 tambi\u00e9n el peri\u00f3dico alternativo, Libertad Digital HN.<\/p>\n<p>Periodistas de UNE TV tambi\u00e9n afectados por los efectos del gas lacrim\u00f3geno denunciaron adem\u00e1s que hab\u00eda personas desconocidas que se encontraba mezclada con la multitud para hacer estallar la violencia que justifique la represi\u00f3n.<\/p>\n<p>Luego del lanzamiento de las bombas lacrim\u00f3genas tomadas por las c\u00e1maras de televisi\u00f3n, se desat\u00f3 una persecuci\u00f3n sobre quienes hab\u00edan participado de la manifestaci\u00f3n, y tambi\u00e9n contra los trabajadores de prensa.<\/p>\n<p>Hacia la media noche los periodistas, Cesar Silva y Mauricio Rivera quienes manten\u00edan una transmisi\u00f3n ininterrumpida indicaron que la prensa nacional e internacional y observadores tambi\u00e9n fueron desalojados del centro de c\u00f3mputo, sin dar mayores explicaciones. En los alrededores permanecen tanquetas militares y se desplaz\u00f3 un fuerte dispositivo de antimotines, de la Polic\u00eda Nacional Preventiva y Militar.<\/p>\n<p>La Comisi\u00f3n Interamericana de Derechos Humanos (CIDH) ha reiterado que \u201cla protesta social pac\u00edfica, como una manifestaci\u00f3n del derecho de reuni\u00f3n, es una herramienta fundamental para la labor de defensa de los derechos humanos, esencial para la expresi\u00f3n cr\u00edtica pol\u00edtica y social de las actividades de las autoridades, as\u00ed como para la fijaci\u00f3n de posiciones y planes de acci\u00f3n respecto de los derechos humanos\u201d. <\/p>\n<p>El derecho de las y los ciudadanos a reunirse y manifestar, y el derecho al libre flujo de opiniones e informaci\u00f3n, ambos derechos, contemplados en los art\u00edculos 19 y 21 del Pacto Internacional de Derechos Civiles y Pol\u00edticos y en los art\u00edculos 13 y 15 de la Convenci\u00f3n Americana sobre Derechos Humanos, se constituyen como elementos vitales para el buen funcionamiento del sistema democr\u00e1tico inclusive de todos los sectores de la sociedad, seg\u00fan el Informe de la relator\u00eda para la libertad de expresi\u00f3n de la CIDH.<\/p>\n<p>La Comisi\u00f3n Interamericana ha manifestado que \u201clos gobiernos no pueden sencillamente invocar una de las restricciones leg\u00edtimas de la libertad de expresi\u00f3n, como el mantenimiento del \u201corden p\u00fablico\u201d, como medio para suprimir un \u201cderecho garantizado por la Convenci\u00f3n o para desnaturalizarlo o privarlo de contenido real\u201d. Si esto ocurre, la restricci\u00f3n aplicada de esa manera no es leg\u00edtima\u201d.<\/p>\n<p><strong>Tipo de agresi\u00f3n<\/strong><br \/>\nCriminalizaci\u00f3n de la protesta p\u00fablica<br \/>\nEs la utilizaci\u00f3n de figuras del C\u00f3digo Penal para anular las manifestaciones de protesta p\u00fablica. (Tomado de C-Libre).<\/p>\n","protected":false},"excerpt":{"rendered":"<p>Tras una serie de manifestaciones pac\u00edficas a nivel nacional la Polic\u00eda Nacional de Honduras inici\u00f3 una fuerte represi\u00f3n con gases<\/p>\n","protected":false},"author":1,"featured_media":11927,"comment_status":"open","ping_status":"open","sticky":false,"template":"","format":"standard","meta":[],"categories":[104,13],"tags":[57,3,63],"_links":{"self":[{"href":"https:\/\/www.noticiashondurashn.com\/index.php?rest_route=\/wp\/v2\/posts\/11926"}],"collection":[{"href":"https:\/\/www.noticiashondurashn.com\/index.php?rest_route=\/wp\/v2\/posts"}],"about":[{"href":"https:\/\/www.noticiashondurashn.com\/index.php?rest_route=\/wp\/v2\/types\/post"}],"author":[{"embeddable":true,"href":"https:\/\/www.noticiashondurashn.com\/index.php?rest_route=\/wp\/v2\/users\/1"}],"replies":[{"embeddable":true,"href":"https:\/\/www.noticiashondurashn.com\/index.php?rest_route=%2Fwp%2Fv2%2Fcomments&post=11926"}],"version-history":[{"count":1,"href":"https:\/\/www.noticiashondurashn.com\/index.php?rest_route=\/wp\/v2\/posts\/11926\/revisions"}],"predecessor-version":[{"id":11928,"href":"https:\/\/www.noticiashondurashn.com\/index.php?rest_route=\/wp\/v2\/posts\/11926\/revisions\/11928"}],"wp:featuredmedia":[{"embeddable":true,"href":"https:\/\/www.noticiashondurashn.com\/index.php?rest_route=\/wp\/v2\/media\/11927"}],"wp:attachment":[{"href":"https:\/\/www.noticiashondurashn.com\/index.php?rest_route=%2Fwp%2Fv2%2Fmedia&parent=11926"}],"wp:term":[{"taxonomy":"category","embeddable":true,"href":"https:\/\/www.noticiashondurashn.com\/index.php?rest_route=%2Fwp%2Fv2%2Fcategories&post=11926"},{"taxonomy":"post_tag","embeddable":true,"href":"https:\/\/www.noticiashondurashn.com\/index.php?rest_route=%2Fwp%2Fv2%2Ftags&post=11926"}],"curies":[{"name":"wp","href":"https:\/\/api.w.org\/{rel}","templated":true}]}}