{"id":10390,"date":"2017-06-02T08:13:16","date_gmt":"2017-06-02T14:13:16","guid":{"rendered":"http:\/\/www.noticiashondurashn.com\/?p=10390"},"modified":"2017-06-02T08:15:42","modified_gmt":"2017-06-02T14:15:42","slug":"senado-frances-destaca-labor-altruista-de-cientifico-hondureno","status":"publish","type":"post","link":"https:\/\/www.noticiashondurashn.com\/?p=10390","title":{"rendered":"Senado franc\u00e9s destaca labor altruista de cient\u00edfico hondure\u00f1o"},"content":{"rendered":"<p>El cient\u00edfico hondure\u00f1o Marco Tulio Medina, fue galardonado por el Senado franc\u00e9s en reconocimiento por su destacada labor altruista, desempe\u00f1o en la medicina y  destacada  participaci\u00f3n en importantes investigaciones cient\u00edficas.<\/p>\n<p>El galard\u00f3n fue entregado por el Senado durante la celebraci\u00f3n del d\u00eda de Am\u00e9rica latina y el Caribe que se realiza con el  objetivo de celebrar y reforzar las relaciones, a trav\u00e9s de manifestaciones en toda la Rep\u00fablica Francesa donde se destacan valores y v\u00ednculos con toda la regi\u00f3n.<\/p>\n<p>Dentro de esta celebraci\u00f3n el Denado hace entrega de medallas y reconocimientos a varias personalidades de la regi\u00f3n Latinoamericana y del Caribe, este a\u00f1o toco el honor al neur\u00f3logo hondure\u00f1o, destacado m\u00e9dico de la facultad de ciencias m\u00e9dicas de la Universidad Nacional aut\u00f3noma de Honduras (UNAH).<\/p>\n<p>Durante la entrega del reconocimiento participaron diplom\u00e1ticos y embajadores, y tras los actos de desarrollaron actividades que permiten estrechar los lazos entre esa regi\u00f3n y la naci\u00f3n gala.<\/p>\n<p>Medina a trav\u00e9s de sus investigaciones en los campos de la neurolog\u00eda y epilepsia, promueve la educaci\u00f3n e investigaciones neurol\u00f3gicas en Honduras, pues en 1998 fund\u00f3 el Postgrado de Neurolog\u00eda en la UNAH, con el apoyo de la World Federation of Neurology (WFN), convirti\u00e9ndose en un programa piloto para pa\u00edses en v\u00edas de desarrollo.<\/p>\n<p>De 1978 a 1985, realiz\u00f3 estudios de medicina en la Facultad de Ciencias M\u00e9dicas, de la UNAH, luego viaj\u00f3 a M\u00e9xico al Instituto de Neurolog\u00eda y Neurocirug\u00eda Manuel Velasco Suarez, donde se especializ\u00f3 como neurocirujano.<\/p>\n<p>Posteriormente viaj\u00f3 a Francia,  donde se especializ\u00f3 en Neurofisiolog\u00eda cl\u00ednica en la Universidad de Aix-Marseille, y Epileptolog\u00eda pedi\u00e1trica y del Adulto en el Centro Saint Paul, Marsella, Francia.<\/p>\n<p><strong>Proyecto social <\/strong><br \/>\nEn 2016, la Federaci\u00f3n Mundial de Neurolog\u00eda nombr\u00f3 al doctor Marco Tulio Medina en como uno de los mejores acad\u00e9micos para trabajar a nivel internacional sobre las consecuencias neurol\u00f3gicas a causa del virus del Zika.<\/p>\n<p>Junto con el doctor Jorge Rodr\u00edguez (OPS, Washington) y el Doctor Carlos Acevedo (IBE, Chile) consigui\u00f3 que la epilepsia fuera considerada por la OPS como un problema prioritario para las Am\u00e9ricas, por lo que el ILAE (International League Against Epilepsy) le ha otorgado un reconocimiento.<\/p>\n<p>Ha sido co-fundador de la Asociaci\u00f3n Hondure\u00f1a de M\u00e9dicos Generales, de la Sociedad Hondure\u00f1a de Epilepsia, de la Asociaci\u00f3n Hondure\u00f1a de Neurolog\u00eda as\u00ed como Fundaci\u00f3n Hondure\u00f1a de Epilepsia, Asociaci\u00f3n de Trastorno por D\u00e9ficit de Atenci\u00f3n e Hiperactividad y Asociaci\u00f3n Hondure\u00f1a de Esclerosis M\u00faltiple.<\/p>\n<p>Tambi\u00e9n es pionero de la Fundaci\u00f3n Honduras Global fundada en 2011 junto a connotados hondure\u00f1os, con el objetivo de identificar y conectar compatriotas altamente calificados a nivel mundial con el fin de promover la transferencia de conocimientos fomentando la innovaci\u00f3n, el desarrollo cient\u00edfico, tecnol\u00f3gico y empresarial en Honduras.<\/p>\n","protected":false},"excerpt":{"rendered":"<p>El cient\u00edfico hondure\u00f1o Marco Tulio Medina, fue galardonado por el Senado franc\u00e9s en reconocimiento por su destacada labor altruista, desempe\u00f1o<\/p>\n","protected":false},"author":1,"featured_media":10391,"comment_status":"open","ping_status":"open","sticky":false,"template":"","format":"standard","meta":[],"categories":[18,1],"tags":[78,85,69,6],"_links":{"self":[{"href":"https:\/\/www.noticiashondurashn.com\/index.php?rest_route=\/wp\/v2\/posts\/10390"}],"collection":[{"href":"https:\/\/www.noticiashondurashn.com\/index.php?rest_route=\/wp\/v2\/posts"}],"about":[{"href":"https:\/\/www.noticiashondurashn.com\/index.php?rest_route=\/wp\/v2\/types\/post"}],"author":[{"embeddable":true,"href":"https:\/\/www.noticiashondurashn.com\/index.php?rest_route=\/wp\/v2\/users\/1"}],"replies":[{"embeddable":true,"href":"https:\/\/www.noticiashondurashn.com\/index.php?rest_route=%2Fwp%2Fv2%2Fcomments&post=10390"}],"version-history":[{"count":3,"href":"https:\/\/www.noticiashondurashn.com\/index.php?rest_route=\/wp\/v2\/posts\/10390\/revisions"}],"predecessor-version":[{"id":10394,"href":"https:\/\/www.noticiashondurashn.com\/index.php?rest_route=\/wp\/v2\/posts\/10390\/revisions\/10394"}],"wp:featuredmedia":[{"embeddable":true,"href":"https:\/\/www.noticiashondurashn.com\/index.php?rest_route=\/wp\/v2\/media\/10391"}],"wp:attachment":[{"href":"https:\/\/www.noticiashondurashn.com\/index.php?rest_route=%2Fwp%2Fv2%2Fmedia&parent=10390"}],"wp:term":[{"taxonomy":"category","embeddable":true,"href":"https:\/\/www.noticiashondurashn.com\/index.php?rest_route=%2Fwp%2Fv2%2Fcategories&post=10390"},{"taxonomy":"post_tag","embeddable":true,"href":"https:\/\/www.noticiashondurashn.com\/index.php?rest_route=%2Fwp%2Fv2%2Ftags&post=10390"}],"curies":[{"name":"wp","href":"https:\/\/api.w.org\/{rel}","templated":true}]}}