{"id":9959,"date":"2017-04-04T14:07:53","date_gmt":"2017-04-04T20:07:53","guid":{"rendered":"http:\/\/www.noticiashondurashn.com\/?p=9959"},"modified":"2017-04-05T11:57:11","modified_gmt":"2017-04-05T17:57:11","slug":"policia-agrede-camarografo-por-orden-de-fiscal","status":"publish","type":"post","link":"http:\/\/www.noticiashondurashn.com\/?p=9959","title":{"rendered":"Policia agrede camar\u00f3grafo por orden de fiscal"},"content":{"rendered":"<p>Un elemento de la Policia Nacional agredio f\u00edsicamente  al camar\u00f3grafo Carlos P\u00e9rez de Canal Seis mientras realizaba su trabajo en la cobertura de un levantamiento cadav\u00e9rico en Choloma, Cort\u00e9s.<\/p>\n<p>Supuestamente por orden de la fiscal del Ministerio Publico (MP) Santa Cecilia C\u00e1rcamo, el agente atac\u00f3 al comunicador, a\u00fan cuando estaba fuera de la cinco que delimita la escena del crime n.<\/p>\n<p>El polic\u00eda de apellido Moran asignado a Choloma golpe\u00f3 e intento quitar la c\u00e1mara al comunicador, mientras hac\u00eda su trabajo period\u00edstico.<\/p>\n<p>El camar\u00f3grafo cont\u00f3 que se defendi\u00f3 y por eso no le quit\u00f3 la c\u00e1mara, gracias a que otros fot\u00f3grafos, camar\u00f3grafos y periodistas tambi\u00e9n se sumaron al reclamo porque no les permit\u00eda ejercer su labor.<br \/>\n<figure id=\"attachment_9961\" aria-describedby=\"caption-attachment-9961\" style=\"width: 300px\" class=\"wp-caption alignnone\"><img decoding=\"async\" loading=\"lazy\" src=\"http:\/\/www.noticiashondurashn.com\/wp-content\/uploads\/2017\/04\/IMG_6963-300x225.jpg\" alt=\"\" width=\"300\" height=\"225\" class=\"size-medium wp-image-9961\" srcset=\"http:\/\/www.noticiashondurashn.com\/wp-content\/uploads\/2017\/04\/IMG_6963-300x225.jpg 300w, http:\/\/www.noticiashondurashn.com\/wp-content\/uploads\/2017\/04\/IMG_6963-150x113.jpg 150w, http:\/\/www.noticiashondurashn.com\/wp-content\/uploads\/2017\/04\/IMG_6963-768x576.jpg 768w, http:\/\/www.noticiashondurashn.com\/wp-content\/uploads\/2017\/04\/IMG_6963-1024x768.jpg 1024w, http:\/\/www.noticiashondurashn.com\/wp-content\/uploads\/2017\/04\/IMG_6963.jpg 1280w\" sizes=\"(max-width: 300px) 100vw, 300px\" \/><figcaption id=\"caption-attachment-9961\" class=\"wp-caption-text\">La fiscal Santa Cecilia C\u00e1rcamo orden\u00f3 a los polic\u00edas que no permitieran que los periodistas filmar\u00e1n, a\u00fan cuando estaban fuera de la cinta que delimita la escena del crimen.<\/figcaption><\/figure>\nLa periodista Mar\u00eda Ventura de Dario La Tribuna que estaba en el sitio, dijo que se quedo a una distancia prudencial de la escena \"y se me acerc\u00f3 un efectivo y me dijo que por orden de la fiscal no pod\u00eda hacer fotograf\u00edas, lo mismo le digo a mi fot\u00f3grafo y posteriormente al camar\u00f3grafo de Canal 6\".<\/p>\n<p>Agreg\u00f3 que \"todos nos quedamos lejos de la cinta y no era para que actuaran de esa manera. Ninguno de los que estamos ah\u00ed estaba impidiendo que la fiscal y los dem\u00e1s hicieran su trabajo\".<\/p>\n<p>El periodista Daniel Mej\u00eda, corresponsal del telenoticiero Hoy Mismo en Choloma manifest\u00f3 que la fiscal Cardona en otra escena en El lugar conocido como Punta Caliente tambi\u00e9n le orden\u00f3 a un agente de la policia que le quitara el tel\u00e9fono con el que hac\u00eda tomas y videos para el medio donde labora.<\/p>\n<p>El comunicador asegura que prefiri\u00f3 marcharse del lugar impidi\u00e9ndole de esa manera ejercer su trabajo de informar.<\/p>\n","protected":false},"excerpt":{"rendered":"<p>Un elemento de la Policia Nacional agredio f\u00edsicamente al camar\u00f3grafo Carlos P\u00e9rez de Canal Seis mientras realizaba su trabajo en<\/p>\n","protected":false},"author":1,"featured_media":9960,"comment_status":"open","ping_status":"open","sticky":false,"template":"","format":"standard","meta":[],"categories":[34,13,15],"tags":[78,70,76,35],"_links":{"self":[{"href":"http:\/\/www.noticiashondurashn.com\/index.php?rest_route=\/wp\/v2\/posts\/9959"}],"collection":[{"href":"http:\/\/www.noticiashondurashn.com\/index.php?rest_route=\/wp\/v2\/posts"}],"about":[{"href":"http:\/\/www.noticiashondurashn.com\/index.php?rest_route=\/wp\/v2\/types\/post"}],"author":[{"embeddable":true,"href":"http:\/\/www.noticiashondurashn.com\/index.php?rest_route=\/wp\/v2\/users\/1"}],"replies":[{"embeddable":true,"href":"http:\/\/www.noticiashondurashn.com\/index.php?rest_route=%2Fwp%2Fv2%2Fcomments&post=9959"}],"version-history":[{"count":2,"href":"http:\/\/www.noticiashondurashn.com\/index.php?rest_route=\/wp\/v2\/posts\/9959\/revisions"}],"predecessor-version":[{"id":9963,"href":"http:\/\/www.noticiashondurashn.com\/index.php?rest_route=\/wp\/v2\/posts\/9959\/revisions\/9963"}],"wp:featuredmedia":[{"embeddable":true,"href":"http:\/\/www.noticiashondurashn.com\/index.php?rest_route=\/wp\/v2\/media\/9960"}],"wp:attachment":[{"href":"http:\/\/www.noticiashondurashn.com\/index.php?rest_route=%2Fwp%2Fv2%2Fmedia&parent=9959"}],"wp:term":[{"taxonomy":"category","embeddable":true,"href":"http:\/\/www.noticiashondurashn.com\/index.php?rest_route=%2Fwp%2Fv2%2Fcategories&post=9959"},{"taxonomy":"post_tag","embeddable":true,"href":"http:\/\/www.noticiashondurashn.com\/index.php?rest_route=%2Fwp%2Fv2%2Ftags&post=9959"}],"curies":[{"name":"wp","href":"https:\/\/api.w.org\/{rel}","templated":true}]}}