{"id":9428,"date":"2017-01-21T15:53:14","date_gmt":"2017-01-21T21:53:14","guid":{"rendered":"http:\/\/www.noticiashondurashn.com\/?p=9428"},"modified":"2017-01-21T15:53:14","modified_gmt":"2017-01-21T21:53:14","slug":"guatemala-y-honduras-presentan-caribe-maya-turismo-cultural-y-sostenible","status":"publish","type":"post","link":"http:\/\/www.noticiashondurashn.com\/?p=9428","title":{"rendered":"Guatemala y Honduras presentan Caribe Maya: turismo cultural y sostenible"},"content":{"rendered":"<p>Los ministros de Turismo de Guatemala y Honduras defendieron est\u00e1 semana, durante la presentaci\u00f3n de la iniciativa multidestino Caribe Maya, la promoci\u00f3n de un turismo sostenible en la regi\u00f3n.<\/p>\n<p>Caribe Maya es un nuevo producto tur\u00edstico compartido por Honduras y Guatemala, cuyo objetivo es demostrar la viablidad de un modelo sostenible en \u00e1reas naturales protegidas y que, adem\u00e1s, contribuya a mejorar la calidad de vida de las comunidades anfitrionas.<\/p>\n<p>El ministro hondure\u00f1o de Turismo, Emilio Silvestri, destac\u00f3 que \u201cCaribe Maya funde las culturas maya y garifuna en un entorno verde sostenible\u201d y apost\u00f3 porque la iniciativa contribuir\u00e1 a crear puestos de trabajo en los \u201cdos pa\u00edses hermanos\u201d.<\/p>\n<p>Por su parte, su colega guatemalteco, Jorge Mario Chaj\u00f3n, a\u00f1adi\u00f3 que para su gobierno \u201cel turismo es una pol\u00edtica de Estado\u201d y se mostr\u00f3 convencido de que Caribe Maya\u201c satisfar\u00e1 las expectativas de los turistas espa\u00f1oles y europeos\u201d<\/p>\n<p>La iniciativa, que cuenta con el apoyo del Fondo Mundial para la Naturaleza (WWF) y del Banco Interamericano de Desarrollo (BID), se propone promocionar un tipo de turismo en armon\u00eda con la naturaleza y la cultura en Centroam\u00e9rica a trav\u00e9s de diferentes rutas por todos los pa\u00edses del istmo.<\/p>\n<p>Caribe Maya recibi\u00f3 el mi\u00e9rcoles el Premio Excelencia Tur\u00edstica 2016, que concede anualmente el Grupo Excelencias en reconocimiento al buen hacer en diferentes \u00e1mbitos relacionados con el turismo y la cultura.<\/p>\n","protected":false},"excerpt":{"rendered":"<p>Los ministros de Turismo de Guatemala y Honduras defendieron est\u00e1 semana, durante la presentaci\u00f3n de la iniciativa multidestino Caribe Maya,<\/p>\n","protected":false},"author":1,"featured_media":9429,"comment_status":"open","ping_status":"open","sticky":false,"template":"","format":"standard","meta":[],"categories":[13,2],"tags":[56,3,69,84],"_links":{"self":[{"href":"http:\/\/www.noticiashondurashn.com\/index.php?rest_route=\/wp\/v2\/posts\/9428"}],"collection":[{"href":"http:\/\/www.noticiashondurashn.com\/index.php?rest_route=\/wp\/v2\/posts"}],"about":[{"href":"http:\/\/www.noticiashondurashn.com\/index.php?rest_route=\/wp\/v2\/types\/post"}],"author":[{"embeddable":true,"href":"http:\/\/www.noticiashondurashn.com\/index.php?rest_route=\/wp\/v2\/users\/1"}],"replies":[{"embeddable":true,"href":"http:\/\/www.noticiashondurashn.com\/index.php?rest_route=%2Fwp%2Fv2%2Fcomments&post=9428"}],"version-history":[{"count":1,"href":"http:\/\/www.noticiashondurashn.com\/index.php?rest_route=\/wp\/v2\/posts\/9428\/revisions"}],"predecessor-version":[{"id":9430,"href":"http:\/\/www.noticiashondurashn.com\/index.php?rest_route=\/wp\/v2\/posts\/9428\/revisions\/9430"}],"wp:featuredmedia":[{"embeddable":true,"href":"http:\/\/www.noticiashondurashn.com\/index.php?rest_route=\/wp\/v2\/media\/9429"}],"wp:attachment":[{"href":"http:\/\/www.noticiashondurashn.com\/index.php?rest_route=%2Fwp%2Fv2%2Fmedia&parent=9428"}],"wp:term":[{"taxonomy":"category","embeddable":true,"href":"http:\/\/www.noticiashondurashn.com\/index.php?rest_route=%2Fwp%2Fv2%2Fcategories&post=9428"},{"taxonomy":"post_tag","embeddable":true,"href":"http:\/\/www.noticiashondurashn.com\/index.php?rest_route=%2Fwp%2Fv2%2Ftags&post=9428"}],"curies":[{"name":"wp","href":"https:\/\/api.w.org\/{rel}","templated":true}]}}