{"id":890,"date":"2014-07-26T22:45:18","date_gmt":"2014-07-27T04:45:18","guid":{"rendered":"http:\/\/www.noticiashondurashn.com\/?p=890"},"modified":"2018-04-03T11:55:48","modified_gmt":"2018-04-03T17:55:48","slug":"la-iglesia-construida-por-satanas","status":"publish","type":"post","link":"http:\/\/www.noticiashondurashn.com\/?p=890","title":{"rendered":"La iglesia de Curar\u00e9n \u00bfconstruida por satan\u00e1s?"},"content":{"rendered":"<p>Al estilo de los Cuentos y Leyendas de Jorge Montenegro, los pobladores de Curar\u00e9n, Francisco Moraz\u00e1n cuentan la historia alrededor de la iglesia cat\u00f3lica ubicada frente al centro de la comunidad, que fue construida por el diablo, por un pacto que ten\u00eda el alcalde de aquel entonces, que consist\u00eda en entregarle a cambio las almas de los habitantes del pueblo.<\/p>\n<p>La iglesia empez\u00f3 a ser edificada por sat\u00e1n, pero se descontin\u00fao cuando un gallo cant\u00f3 a las 12 de la medianoche. La creencia establece que el gallo dice en su canto \u00a1Cristo naci\u00f3\u00a1 y por ello el diablo se march\u00f3, pero antes le dio una patada a la pared.<\/p>\n<p>Cuentan los lugare\u00f1os que en las pared estaba marcada la patada, pero con la remodelaci\u00f3n que se le hizo al templo hace muchos a\u00f1os, la misma fue cubierta y por eso no se puede apreciar ahora.<\/p>\n<p>Llama la atenci\u00f3n que en la parte baja de las paredes por fuera puede verse que la iglesia tiene una doble pared hasta la mitad, lo que la hace bastante gruesa y el resto, que supuestamente fue construido por los vecinos, es delgada.<\/p>\n<figure id=\"attachment_13129\" aria-describedby=\"caption-attachment-13129\" style=\"width: 300px\" class=\"wp-caption alignleft\"><img decoding=\"async\" loading=\"lazy\" class=\"size-medium wp-image-13129\" src=\"http:\/\/www.noticiashondurashn.com\/wp-content\/uploads\/2014\/07\/Iglesia-de-Curar\u00e9n-300x193.jpg\" alt=\"\" width=\"300\" height=\"193\" srcset=\"http:\/\/www.noticiashondurashn.com\/wp-content\/uploads\/2014\/07\/Iglesia-de-Curar\u00e9n-300x193.jpg 300w, http:\/\/www.noticiashondurashn.com\/wp-content\/uploads\/2014\/07\/Iglesia-de-Curar\u00e9n-150x96.jpg 150w, http:\/\/www.noticiashondurashn.com\/wp-content\/uploads\/2014\/07\/Iglesia-de-Curar\u00e9n.jpg 768w\" sizes=\"(max-width: 300px) 100vw, 300px\" \/><figcaption id=\"caption-attachment-13129\" class=\"wp-caption-text\">\u00bfCuento o realidad? los vecinos de Curaren dicen que la iglesia la construy\u00f3 el diablo.<\/figcaption><\/figure>\n<p>Pese a esa historia, los devotos cat\u00f3licos siempre se re\u00fanen en el templo sin prestar mayor atenci\u00f3n a la leyenda, de la cual hay muchas en este lugar y en toda Honduras.<\/p>\n<p>A ra\u00edz de que la narraci\u00f3n se ha ido difundiendo, muchos turistas que visitan el lugar no dejan de ir a la iglesia e inspeccionar sus paredes en busca de alg\u00fan vestigio que de credibilidad a la historia.<\/p>\n<p>LEA TAMBI\u00c9N: <a href=\"http:\/\/www.noticiashondurashn.com\/?p=10034\">Postulan a Comayagua como la Capital Internacional del Turismo Religioso<\/a><\/p>\n<p>La iglesia data desde el siglo antepasado y est\u00e1 frente al parque central donde se encuentra un busto del general Francisco Moraz\u00e1n, ya que muchos de los soldados que pelearon en las batallas que libr\u00f3 el heroe eran del municipio de Texiguat y de Curar\u00e9n, valientes hombres que demostraron coraje aguerrido y su lealtad al palad\u00edn de la uni\u00f3n centroamericana.<\/p>\n","protected":false},"excerpt":{"rendered":"<p>Al estilo de los Cuentos y Leyendas de Jorge Montenegro, los pobladores de Curar\u00e9n, Francisco Moraz\u00e1n cuentan la historia alrededor<\/p>\n","protected":false},"author":1,"featured_media":252,"comment_status":"open","ping_status":"open","sticky":false,"template":"","format":"standard","meta":[],"categories":[58,13],"tags":[3,59,84],"_links":{"self":[{"href":"http:\/\/www.noticiashondurashn.com\/index.php?rest_route=\/wp\/v2\/posts\/890"}],"collection":[{"href":"http:\/\/www.noticiashondurashn.com\/index.php?rest_route=\/wp\/v2\/posts"}],"about":[{"href":"http:\/\/www.noticiashondurashn.com\/index.php?rest_route=\/wp\/v2\/types\/post"}],"author":[{"embeddable":true,"href":"http:\/\/www.noticiashondurashn.com\/index.php?rest_route=\/wp\/v2\/users\/1"}],"replies":[{"embeddable":true,"href":"http:\/\/www.noticiashondurashn.com\/index.php?rest_route=%2Fwp%2Fv2%2Fcomments&post=890"}],"version-history":[{"count":6,"href":"http:\/\/www.noticiashondurashn.com\/index.php?rest_route=\/wp\/v2\/posts\/890\/revisions"}],"predecessor-version":[{"id":13132,"href":"http:\/\/www.noticiashondurashn.com\/index.php?rest_route=\/wp\/v2\/posts\/890\/revisions\/13132"}],"wp:featuredmedia":[{"embeddable":true,"href":"http:\/\/www.noticiashondurashn.com\/index.php?rest_route=\/wp\/v2\/media\/252"}],"wp:attachment":[{"href":"http:\/\/www.noticiashondurashn.com\/index.php?rest_route=%2Fwp%2Fv2%2Fmedia&parent=890"}],"wp:term":[{"taxonomy":"category","embeddable":true,"href":"http:\/\/www.noticiashondurashn.com\/index.php?rest_route=%2Fwp%2Fv2%2Fcategories&post=890"},{"taxonomy":"post_tag","embeddable":true,"href":"http:\/\/www.noticiashondurashn.com\/index.php?rest_route=%2Fwp%2Fv2%2Ftags&post=890"}],"curies":[{"name":"wp","href":"https:\/\/api.w.org\/{rel}","templated":true}]}}