{"id":8479,"date":"2016-09-23T21:43:01","date_gmt":"2016-09-24T03:43:01","guid":{"rendered":"http:\/\/www.noticiashondurashn.com\/?p=8479"},"modified":"2016-09-23T21:43:01","modified_gmt":"2016-09-24T03:43:01","slug":"aph-medidas-represivas-del-gobierno-aumentan-la-violencia","status":"publish","type":"post","link":"http:\/\/www.noticiashondurashn.com\/?p=8479","title":{"rendered":"APH: medidas represivas del gobierno aumentan la violencia"},"content":{"rendered":"<p>La Asociaci\u00f3n de Prensa Hondure\u00f1a (APH) critic\u00f3 este jueves las pol\u00edticas represivas emprendidas por el gobierno de Juan Orlando Hern\u00e1ndez para combatir el crimen porque, a su juicio, aumentan la violencia, al tiempo que pidi\u00f3 un cambio de estrategia con \u00e9nfasis en la prevenci\u00f3n.<\/p>\n<p>\"Los mecanismos utilizados por el Estado lejos de reducir los \u00edndices de violenta los acrecienta cada d\u00eda porque, a mayor represi\u00f3n mayor respuesta de aquellos que se sienten perseguidos\", anot\u00f3 la organizaci\u00f3n integrada por escritores y periodistas.<\/p>\n<p>El gobierno reubic\u00f3 el lunes a 37 l\u00edderes de pandillas en una c\u00e1rcel de m\u00e1xima seguridad en el noroeste del pa\u00eds, donde est\u00e1n confinados en min\u00fasculas celdas de dos por dos metros, para tratar de incomunicarlos con el exterior.<\/p>\n<p>La medida busca reducir la capacidad de los l\u00edderes pandilleros para, desde la prisi\u00f3n, ordenar distintos tipos de cr\u00edmenes, seg\u00fan dijo el presidente Hern\u00e1ndez.<\/p>\n<p>El traslado se enmarca en una pol\u00edtica de seguridad que incluy\u00f3 la construcci\u00f3n de cuatro c\u00e1rceles, el cierre de dos prisiones por estar en medio del casco urbano de dos ciudades y nuevas legislaciones para aumentar la represi\u00f3n de los delitos.<\/p>\n<p>\"El Estado lejos de invertir para prevenir (los cr\u00edmenes) invierte cantidades millonarias para reprimir\" y las pol\u00edticas \"deber\u00edan tomar un rumbo diferente, advirti\u00f3 la APH.<\/p>\n<p>La organizaci\u00f3n sostuvo que las personas formaron esos grupos porque \"encontraron en otro lado (el crimen organizado) lo que el Estado siempre les neg\u00f3\", aunque aclar\u00f3 que no se pueden justificar las acciones delictivas \"de los que se cansaron de exigir sus derechos\".<\/p>\n<p>Por su parte, la crimin\u00f3loga Arabezka S\u00e1nchez dijo a la AFP que \"en todas partes del mundo la represi\u00f3n es una de las formas de combatir el delito aunque tiene que ir a la par de la prevenci\u00f3n\".<\/p>\n<p>Lo que no se debe hacer, seg\u00fan dijo, \"es estar metiendo miedo a la poblaci\u00f3n de que si se va a reprimir el delito se van a aumentar los cr\u00edmenes\".<\/p>\n<p>Subray\u00f3 que \"la raz\u00f3n de ser de las c\u00e1rceles es aislar al sujeto mientras se le rehabilita para reincorporarlo a la sociedad, pero que el problema en Honduras es que no se hace rehabilitaci\u00f3n\", algo que debe ser prioridad en las nuevas pol\u00edticas de seguridad de Estado.<\/p>\n","protected":false},"excerpt":{"rendered":"<p>La Asociaci\u00f3n de Prensa Hondure\u00f1a (APH) critic\u00f3 este jueves las pol\u00edticas represivas emprendidas por el gobierno de Juan Orlando Hern\u00e1ndez<\/p>\n","protected":false},"author":1,"featured_media":8480,"comment_status":"open","ping_status":"open","sticky":false,"template":"","format":"standard","meta":[],"categories":[88,13],"tags":[78,32,8,3,71],"_links":{"self":[{"href":"http:\/\/www.noticiashondurashn.com\/index.php?rest_route=\/wp\/v2\/posts\/8479"}],"collection":[{"href":"http:\/\/www.noticiashondurashn.com\/index.php?rest_route=\/wp\/v2\/posts"}],"about":[{"href":"http:\/\/www.noticiashondurashn.com\/index.php?rest_route=\/wp\/v2\/types\/post"}],"author":[{"embeddable":true,"href":"http:\/\/www.noticiashondurashn.com\/index.php?rest_route=\/wp\/v2\/users\/1"}],"replies":[{"embeddable":true,"href":"http:\/\/www.noticiashondurashn.com\/index.php?rest_route=%2Fwp%2Fv2%2Fcomments&post=8479"}],"version-history":[{"count":1,"href":"http:\/\/www.noticiashondurashn.com\/index.php?rest_route=\/wp\/v2\/posts\/8479\/revisions"}],"predecessor-version":[{"id":8481,"href":"http:\/\/www.noticiashondurashn.com\/index.php?rest_route=\/wp\/v2\/posts\/8479\/revisions\/8481"}],"wp:featuredmedia":[{"embeddable":true,"href":"http:\/\/www.noticiashondurashn.com\/index.php?rest_route=\/wp\/v2\/media\/8480"}],"wp:attachment":[{"href":"http:\/\/www.noticiashondurashn.com\/index.php?rest_route=%2Fwp%2Fv2%2Fmedia&parent=8479"}],"wp:term":[{"taxonomy":"category","embeddable":true,"href":"http:\/\/www.noticiashondurashn.com\/index.php?rest_route=%2Fwp%2Fv2%2Fcategories&post=8479"},{"taxonomy":"post_tag","embeddable":true,"href":"http:\/\/www.noticiashondurashn.com\/index.php?rest_route=%2Fwp%2Fv2%2Ftags&post=8479"}],"curies":[{"name":"wp","href":"https:\/\/api.w.org\/{rel}","templated":true}]}}