{"id":836,"date":"2014-07-25T10:19:49","date_gmt":"2014-07-25T16:19:49","guid":{"rendered":"http:\/\/www.noticiashondurashn.com\/?p=836"},"modified":"2014-07-25T10:19:49","modified_gmt":"2014-07-25T16:19:49","slug":"ai-pide-libertad-para-garifuna-hondureno-preso-de-conciencia-en-mexico","status":"publish","type":"post","link":"http:\/\/www.noticiashondurashn.com\/?p=836","title":{"rendered":"AI pide libertad para garifuna hondure\u00f1o \"preso de conciencia\" en M\u00e9xico"},"content":{"rendered":"<p>Amnist\u00eda Internacional (AI) declar\u00f3 \"preso de conciencia\" al migrante hondure\u00f1o \u00c1ngel Am\u00edlcar Col\u00f3n Quevedo, acusado en M\u00e9xico de crimen organizado, mientras el Centro de Derechos Humanos Miguel Agust\u00edn Pro Ju\u00e1rez (Prodh) anunci\u00f3 que asume su defensa legal.<br \/>\nLa organizaci\u00f3n civil mexicana dijo que decidi\u00f3 asumir la defensa de Col\u00f3n, de la etnia gar\u00edfuna, reivindicando su car\u00e1cter de defensor de los derechos humanos en su natal Honduras, \"pero adem\u00e1s su car\u00e1cter de migrante v\u00edctima de detenci\u00f3n arbitraria, tortura e incriminaci\u00f3n penal irregular\".<br \/>\nEn un comunicado, el Centro Prodh y AI refirieron que Col\u00f3n tuvo que emigrar de Honduras para ayudar econ\u00f3micamente a su familia y cubrir la atenci\u00f3n m\u00e9dica de su hijo \u00c1ngel Elvir, quien padec\u00eda c\u00e1ncer.<br \/>\n\"Por su condici\u00f3n de migrante y afrodescendiente, fue detenido en M\u00e9xico en marzo de 2009. Fue torturado, sometido a malos tratos por elementos del Ej\u00e9rcito y polic\u00edas federales antes de ser puesto a disposici\u00f3n del Ministerio P\u00fablico Federal para obligarlo a autoinculparse en la comisi\u00f3n de delitos\", indicaron.<br \/>\nPosteriormente, fue acusado de delitos federales relacionados con el crimen organizado utilizando como base dicha declaraci\u00f3n. El acusado, detenido en la ciudad de Tijuana, est\u00e1 encarcelado en una prisi\u00f3n federal en Tepic, Nayarit.<br \/>\nDe acuerdo con las organizaciones, las autoridades buscan incriminar a los migrantes \"para aparentar una supuesta respuesta efectiva en la investigaci\u00f3n de delitos de alto impacto social, como delincuencia organizada, delitos contra la salud y otros\".<br \/>\nAsimismo, denunciaron que la Procuradur\u00eda mexicana no ha investigado la denuncia de tortura presentada por Col\u00f3n, pese a que a principios de 2014 m\u00e9dicos internacionales independientes lo examinaron y concluyeron que las pruebas m\u00e9dicas eran coherentes con su queja.<br \/>\nAI lo declar\u00f3 preso de conciencia al considerar que la tortura de que fue v\u00edctima tuvo un factor de discriminaci\u00f3n racial y result\u00f3 en su encarcelamiento y en un procesamiento injusto.<a href=\"http:\/\/www.noticiashondurashn.com\/wp-content\/uploads\/2014\/07\/image90.jpg\"><img decoding=\"async\" loading=\"lazy\" src=\"http:\/\/www.noticiashondurashn.com\/wp-content\/uploads\/2014\/07\/image90-300x279.jpg\" alt=\"Amilcar Colon\" width=\"300\" height=\"279\" class=\"aligncenter size-medium wp-image-837\" srcset=\"http:\/\/www.noticiashondurashn.com\/wp-content\/uploads\/2014\/07\/image90-300x279.jpg 300w, http:\/\/www.noticiashondurashn.com\/wp-content\/uploads\/2014\/07\/image90.jpg 328w\" sizes=\"(max-width: 300px) 100vw, 300px\" \/><\/a><\/p>\n","protected":false},"excerpt":{"rendered":"<p>Amnist\u00eda Internacional (AI) declar\u00f3 \"preso de conciencia\" al migrante hondure\u00f1o \u00c1ngel Am\u00edlcar Col\u00f3n Quevedo, acusado en M\u00e9xico de crimen organizado,<\/p>\n","protected":false},"author":1,"featured_media":837,"comment_status":"open","ping_status":"open","sticky":false,"template":"","format":"standard","meta":[],"categories":[41],"tags":[4,21],"_links":{"self":[{"href":"http:\/\/www.noticiashondurashn.com\/index.php?rest_route=\/wp\/v2\/posts\/836"}],"collection":[{"href":"http:\/\/www.noticiashondurashn.com\/index.php?rest_route=\/wp\/v2\/posts"}],"about":[{"href":"http:\/\/www.noticiashondurashn.com\/index.php?rest_route=\/wp\/v2\/types\/post"}],"author":[{"embeddable":true,"href":"http:\/\/www.noticiashondurashn.com\/index.php?rest_route=\/wp\/v2\/users\/1"}],"replies":[{"embeddable":true,"href":"http:\/\/www.noticiashondurashn.com\/index.php?rest_route=%2Fwp%2Fv2%2Fcomments&post=836"}],"version-history":[{"count":1,"href":"http:\/\/www.noticiashondurashn.com\/index.php?rest_route=\/wp\/v2\/posts\/836\/revisions"}],"predecessor-version":[{"id":838,"href":"http:\/\/www.noticiashondurashn.com\/index.php?rest_route=\/wp\/v2\/posts\/836\/revisions\/838"}],"wp:featuredmedia":[{"embeddable":true,"href":"http:\/\/www.noticiashondurashn.com\/index.php?rest_route=\/wp\/v2\/media\/837"}],"wp:attachment":[{"href":"http:\/\/www.noticiashondurashn.com\/index.php?rest_route=%2Fwp%2Fv2%2Fmedia&parent=836"}],"wp:term":[{"taxonomy":"category","embeddable":true,"href":"http:\/\/www.noticiashondurashn.com\/index.php?rest_route=%2Fwp%2Fv2%2Fcategories&post=836"},{"taxonomy":"post_tag","embeddable":true,"href":"http:\/\/www.noticiashondurashn.com\/index.php?rest_route=%2Fwp%2Fv2%2Ftags&post=836"}],"curies":[{"name":"wp","href":"https:\/\/api.w.org\/{rel}","templated":true}]}}