{"id":8164,"date":"2016-07-27T23:20:09","date_gmt":"2016-07-28T05:20:09","guid":{"rendered":"http:\/\/www.noticiashondurashn.com\/?p=8164"},"modified":"2016-07-27T23:22:34","modified_gmt":"2016-07-28T05:22:34","slug":"honduras-el-salvador-y-guatemala-conformaran-fuerza-para-combatir-pandillas","status":"publish","type":"post","link":"http:\/\/www.noticiashondurashn.com\/?p=8164","title":{"rendered":"Honduras, El Salvador y Guatemala conformar\u00e1n fuerza para combatir pandillas"},"content":{"rendered":"<p>La conformaci\u00f3n de una fuerza trinacional, junto a El Salvador y Guatemala, para combatir las pandillas en los pa\u00edses que conforman el Tri\u00e1ngulo Norte de Centroam\u00e9rica, con el apoyo de Estados Unidos, fue planteada hoy por el presidente Juan Orlando Hern\u00e1ndez.<\/p>\n<p>El mandatario dijo que ya habl\u00f3 con su similar de Guatemala, Jimmy Morales, y que tambi\u00e9n lo har\u00e1 con el gobernante de El Salvador, Salvador S\u00e1nchez Cer\u00e9n, para oficializarles su propuesta<\/p>\n<p>\u201cIniciamos una nueva p\u00e1gina en esta lucha y es la conformaci\u00f3n de un esfuerzo trinacional entre Honduras, Guatemala y El Salvador para enfrentar uno de los fen\u00f3menos delincuenciales que m\u00e1s da\u00f1o, que m\u00e1s muerte y sangre le han venido generando a este pueblo que ha sufrido tanto: las maras y pandillas\u201d, expres\u00f3.<\/p>\n<p>Agreg\u00f3 que \u201cno queremos esperar m\u00e1s tiempo sin echar a andar lo que ya hemos concebido como una soluci\u00f3n regional\u201d.<\/p>\n<p>El titular del Ejecutivo a\u00f1adi\u00f3 que \u201ctambi\u00e9n creemos fundamental que en este esfuerzo participe Estados Unidos, porque buena parte del caldo de cultivo para el desarrollo de estas actividades delictivas tiene que ver con el narcotr\u00e1fico, que se convierte despu\u00e9s en narcomenudeo, despu\u00e9s en extorsi\u00f3n, en asaltos\u201d.<\/p>\n<p>Hern\u00e1ndez agreg\u00f3 que tambi\u00e9n es oportuno recordar que el fen\u00f3meno de las maras y las pandillas naci\u00f3, tal vez no con la dimensi\u00f3n que hoy tiene, en los Estados Unidos, espec\u00edficamente en Los \u00c1ngeles.<\/p>\n<p>Con el tiempo el fen\u00f3meno de las pandillas se convirti\u00f3 en algo muy perverso, \u201cpero vino a Centroam\u00e9rica y se ha instalado aqu\u00ed en el Tri\u00e1ngulo Norte\u201d, se\u00f1al\u00f3.<\/p>\n<p>A\u00f1adi\u00f3 \u201cque la informaci\u00f3n que puede tener la polic\u00eda de Los \u00c1ngeles, la polic\u00eda de Miami, de otros lugares donde estos grupos criminales fueron muy activos en t\u00e9rminos de acto delincuencial y de violencia, y ahora quiz\u00e1 s\u00f3lo aparezcan con actos delincuenciales de bajo perfil, pero tambi\u00e9n est\u00e1n conectados con Honduras\u201d.<\/p>\n<p>\u201cEs impresionante ver c\u00f3mo operaciones delincuenciales de extorsi\u00f3n se originan con una llamada desde Estados Unidos, desde Guatemala, desde El Salvador y probablemente desde Honduras\u201d, acot\u00f3.<\/p>\n<p>Hern\u00e1ndez destac\u00f3 lo provechoso que ha sido para Honduras haber conformado la Fuerza de Tarea Maya-Chort\u00ed en la frontera con Guatemala, as\u00ed como la realizaci\u00f3n de la Operaci\u00f3n Sandino con Nicaragua.<\/p>\n<p>El mandatario explic\u00f3 que \u201cla Operaci\u00f3n Sandino con Nicaragua es algo permanente, es una relaci\u00f3n muy estrecha y muy efectiva; eso tambi\u00e9n queremos estructurarlo en nuestras relaciones con El Salvador y Guatemala, todos para atacar un problema de manera frontal sin descanso, que tanto da\u00f1o nos hace, como es estos grupos criminales de las maras y pandillas\u201d.<\/p>\n","protected":false},"excerpt":{"rendered":"<p>La conformaci\u00f3n de una fuerza trinacional, junto a El Salvador y Guatemala, para combatir las pandillas en los pa\u00edses que<\/p>\n","protected":false},"author":1,"featured_media":8165,"comment_status":"open","ping_status":"open","sticky":false,"template":"","format":"standard","meta":[],"categories":[41],"tags":[56,3,10,69,7],"_links":{"self":[{"href":"http:\/\/www.noticiashondurashn.com\/index.php?rest_route=\/wp\/v2\/posts\/8164"}],"collection":[{"href":"http:\/\/www.noticiashondurashn.com\/index.php?rest_route=\/wp\/v2\/posts"}],"about":[{"href":"http:\/\/www.noticiashondurashn.com\/index.php?rest_route=\/wp\/v2\/types\/post"}],"author":[{"embeddable":true,"href":"http:\/\/www.noticiashondurashn.com\/index.php?rest_route=\/wp\/v2\/users\/1"}],"replies":[{"embeddable":true,"href":"http:\/\/www.noticiashondurashn.com\/index.php?rest_route=%2Fwp%2Fv2%2Fcomments&post=8164"}],"version-history":[{"count":1,"href":"http:\/\/www.noticiashondurashn.com\/index.php?rest_route=\/wp\/v2\/posts\/8164\/revisions"}],"predecessor-version":[{"id":8166,"href":"http:\/\/www.noticiashondurashn.com\/index.php?rest_route=\/wp\/v2\/posts\/8164\/revisions\/8166"}],"wp:featuredmedia":[{"embeddable":true,"href":"http:\/\/www.noticiashondurashn.com\/index.php?rest_route=\/wp\/v2\/media\/8165"}],"wp:attachment":[{"href":"http:\/\/www.noticiashondurashn.com\/index.php?rest_route=%2Fwp%2Fv2%2Fmedia&parent=8164"}],"wp:term":[{"taxonomy":"category","embeddable":true,"href":"http:\/\/www.noticiashondurashn.com\/index.php?rest_route=%2Fwp%2Fv2%2Fcategories&post=8164"},{"taxonomy":"post_tag","embeddable":true,"href":"http:\/\/www.noticiashondurashn.com\/index.php?rest_route=%2Fwp%2Fv2%2Ftags&post=8164"}],"curies":[{"name":"wp","href":"https:\/\/api.w.org\/{rel}","templated":true}]}}