{"id":8121,"date":"2016-07-19T19:40:02","date_gmt":"2016-07-20T01:40:02","guid":{"rendered":"http:\/\/www.noticiashondurashn.com\/?p=8121"},"modified":"2016-07-19T22:55:58","modified_gmt":"2016-07-20T04:55:58","slug":"por-fin-gobierno-asigna-l-10-millones-para-la-proteccion-de-defensores-de-ddhh-y-periodistas","status":"publish","type":"post","link":"http:\/\/www.noticiashondurashn.com\/?p=8121","title":{"rendered":"Por fin gobierno asigna L.10 millones para la protecci\u00f3n de defensores de DDHH y periodistas"},"content":{"rendered":"<p>El gobierno de Honduras asign\u00f3 una aportaci\u00f3n de 10 millones de lempiras para el financiamiento de las actividades del Comit\u00e9 de Protecci\u00f3n a Defensores de Derechos Humanos, Periodistas, Comunicadores Sociales y Operadores de Justicia.<\/p>\n<p>El fondo se estableci\u00f3 en cumplimiento del art\u00edculo 66 de la legislaci\u00f3n que establece dicha protecci\u00f3n y el mismo ser\u00e1 financiado con recursos de la Tasa de Seguridad Poblacional.<br \/>\nEl anuncio fue formulado por el secretario de Coordinaci\u00f3n General de Gobierno, Jorge Ram\u00f3n Hern\u00e1ndez Alcerro durante el acto del \u201cEncuentro de buenas pr\u00e1cticas y experiencias comparadas en M\u00e9xico, Colombia y Honduras\u201d, en materia de protecci\u00f3n a defensores de derechos humanos.<br \/>\nDicho evento se llevar\u00e1 a cabo este mi\u00e9rcoles y en el conclave participar\u00e1n expertos internacionales en materia de mecanismos de protecci\u00f3n a defensores de derechos humanos y otros actores involucrados en esta problem\u00e1tica, entre ellos Jaime Prieto M\u00e9ndez, coordinador del Equipo de Territorio y Paz de la Oficina en Colombia del Alto Comisionado de las Naciones Unidas para los Derechos Humanos.<br \/>\nHernandez Alcerro expres\u00f3 que el intercambio de experiencias permitir\u00e1 consolidar el sistema de protecci\u00f3n de defensores de derechos humanos en el pa\u00eds, que se instituy\u00f3 mediante la promulgaci\u00f3n de la respectiva ley en mayo de 2015.<br \/>\nEl ministro explico que la asignaci\u00f3n del fondo de protecci\u00f3n a los defensores de los derechos humanos, por el orden de los 10 millones de lempiras, ser\u00e1n financiados con recursos de la Tasa de Seguridad Poblacional, a fin de que los organismos ejecutores de la ley puedan cumplir de mejor manera con la labor encomendada.<br \/>\nHern\u00e1ndez Alcerro aclar\u00f3 que se trata de fondos adicionales a los ya asignados en el Presupuesto General de la Rep\u00fablica, con lo que el presidente de la Rep\u00fablica ratifica su compromiso con la aplicaci\u00f3n de la ley y, en general, con la protecci\u00f3n de aquellos que arriesgan sus vidas por defender los derechos y garant\u00edas de la poblaci\u00f3n hondure\u00f1a.<br \/>\nEl secretario de Estado agradeci\u00f3 al Gobierno de los Estados Unidos de Am\u00e9rica por el aporte que ha brindado en los \u00faltimos a\u00f1os para fortalecer la causa de los derechos humanos en Honduras, principalmente a trav\u00e9s de la organizaci\u00f3n Freedom House.<\/p>\n","protected":false},"excerpt":{"rendered":"<p>El gobierno de Honduras asign\u00f3 una aportaci\u00f3n de 10 millones de lempiras para el financiamiento de las actividades del Comit\u00e9<\/p>\n","protected":false},"author":1,"featured_media":7651,"comment_status":"open","ping_status":"open","sticky":false,"template":"","format":"standard","meta":[],"categories":[88,13],"tags":[78,32,8,3,7,9],"_links":{"self":[{"href":"http:\/\/www.noticiashondurashn.com\/index.php?rest_route=\/wp\/v2\/posts\/8121"}],"collection":[{"href":"http:\/\/www.noticiashondurashn.com\/index.php?rest_route=\/wp\/v2\/posts"}],"about":[{"href":"http:\/\/www.noticiashondurashn.com\/index.php?rest_route=\/wp\/v2\/types\/post"}],"author":[{"embeddable":true,"href":"http:\/\/www.noticiashondurashn.com\/index.php?rest_route=\/wp\/v2\/users\/1"}],"replies":[{"embeddable":true,"href":"http:\/\/www.noticiashondurashn.com\/index.php?rest_route=%2Fwp%2Fv2%2Fcomments&post=8121"}],"version-history":[{"count":3,"href":"http:\/\/www.noticiashondurashn.com\/index.php?rest_route=\/wp\/v2\/posts\/8121\/revisions"}],"predecessor-version":[{"id":8125,"href":"http:\/\/www.noticiashondurashn.com\/index.php?rest_route=\/wp\/v2\/posts\/8121\/revisions\/8125"}],"wp:featuredmedia":[{"embeddable":true,"href":"http:\/\/www.noticiashondurashn.com\/index.php?rest_route=\/wp\/v2\/media\/7651"}],"wp:attachment":[{"href":"http:\/\/www.noticiashondurashn.com\/index.php?rest_route=%2Fwp%2Fv2%2Fmedia&parent=8121"}],"wp:term":[{"taxonomy":"category","embeddable":true,"href":"http:\/\/www.noticiashondurashn.com\/index.php?rest_route=%2Fwp%2Fv2%2Fcategories&post=8121"},{"taxonomy":"post_tag","embeddable":true,"href":"http:\/\/www.noticiashondurashn.com\/index.php?rest_route=%2Fwp%2Fv2%2Ftags&post=8121"}],"curies":[{"name":"wp","href":"https:\/\/api.w.org\/{rel}","templated":true}]}}