{"id":7684,"date":"2016-05-06T21:55:08","date_gmt":"2016-05-07T03:55:08","guid":{"rendered":"http:\/\/www.noticiashondurashn.com\/?p=7684"},"modified":"2016-05-06T22:25:35","modified_gmt":"2016-05-07T04:25:35","slug":"siemens-tambien-podria-retirarse-del-proyecto-hidroelectrico-agua-zarca","status":"publish","type":"post","link":"http:\/\/www.noticiashondurashn.com\/?p=7684","title":{"rendered":"Siemens tambi\u00e9n podr\u00eda retirarse del proyecto hidroel\u00e9ctrico Agua Zarca"},"content":{"rendered":"<p>Berl\u00edn, (dpa) \u2013 Las empresas tecnol\u00f3gicas alemanas Voith y Siemens fueron acusadas por la organizaci\u00f3n no gubernamental Oxfam de ser c\u00f3mplices por lo menos de forma indirecta en violaciones a los derechos humanos, seg\u00fan consta en un informe adelantado hoy por el diario alem\u00e1n \u201cS\u00fcddeutsche Zeitung\u201d.<\/p>\n<p>Las dos compa\u00f1\u00edas conforman el consorcio Voith Hydro, que tiene previsto suministrar turbinas y tecnolog\u00eda para la proyectada central hidroel\u00e9ctrica de Agua Zarca, en el noroeste de Honduras. Voith tiene una participaci\u00f3n de 65 por ciento y Siemens del 35 por ciento.<\/p>\n<p>El proyecto de Agua Zarca enfrenta grandes resistencias porque se deb\u00eda construir en el r\u00edo Gualcarque, considerado sagrado por los lencas, la mayor etnia precolombina en Honduras.<\/p>\n<p>Los detractores de la represa acusaron a la operadora Desarrollos Energ\u00e9ticos (Desa) de no realizar una consulta previa, libre e informada a las comunidades locales afectadas.<\/p>\n<p>A principios de marzo fue asesinada la principal referente de las protestas contra la represa, la dirigente del Consejo C\u00edvico de Organizaciones Populares e Ind\u00edgenas de Honduras (COPINH) Berta C\u00e1ceres. Una semana m\u00e1s tarde era ultimado Nelson Garc\u00eda, otro miembro de la organizaci\u00f3n.<\/p>\n<p>Los activistas creen que la Desa est\u00e1 detr\u00e1s de las muertes. Sin embargo, un portavoz de Voith consultado por el diario se\u00f1al\u00f3 que no est\u00e1 claro si existe una relaci\u00f3n entre el activismo de C\u00e1ceres y su asesinato.<\/p>\n<p>\u201cLlamamos a las autoridades hondure\u00f1as a emprender todo lo posible para esclarecer este delito de forma cabal y llevar a los responsables ante la Justicia\u201d, dijo el vocero. Destac\u00f3 que la empresa se retirar\u00eda en caso de salir a la luz que ambas muertes est\u00e1n vinculadas con el proyecto.<\/p>\n<p>Un vocero de Siemens comunic\u00f3 que la compa\u00f1\u00eda solo tiene una minor\u00eda en Voith Hydro y carece de influencia directa en las decisiones del consorcio.<\/p>\n<p>\u201cVoith Hydro figura en nuestros balances como mera participaci\u00f3n financiera. Sin embargo mantenemos un estrecho contacto con Voith y observamos la situaci\u00f3n con detenimiento. Juntos condenamos cualquier tipo de violencia\u201d, expres\u00f3.<\/p>\n<p>\u201cSon excusas baratas\u201d, critic\u00f3 por su parte Marita Wiggerthale, especialista de Oxfam en derecho de tierras y autora del informe. \u201cSiemens y Voith se comportan como Poncio Pilato, que como todos saben se lav\u00f3 las manos. Es una gesti\u00f3n de riesgo negligente en materia de derechos humanos y desgraciadamente es algo no inusual\u201d.<\/p>\n","protected":false},"excerpt":{"rendered":"<p>Berl\u00edn, (dpa) \u2013 Las empresas tecnol\u00f3gicas alemanas Voith y Siemens fueron acusadas por la organizaci\u00f3n no gubernamental Oxfam de ser<\/p>\n","protected":false},"author":1,"featured_media":7688,"comment_status":"open","ping_status":"open","sticky":false,"template":"","format":"standard","meta":[],"categories":[41],"tags":[57,32,3,50],"_links":{"self":[{"href":"http:\/\/www.noticiashondurashn.com\/index.php?rest_route=\/wp\/v2\/posts\/7684"}],"collection":[{"href":"http:\/\/www.noticiashondurashn.com\/index.php?rest_route=\/wp\/v2\/posts"}],"about":[{"href":"http:\/\/www.noticiashondurashn.com\/index.php?rest_route=\/wp\/v2\/types\/post"}],"author":[{"embeddable":true,"href":"http:\/\/www.noticiashondurashn.com\/index.php?rest_route=\/wp\/v2\/users\/1"}],"replies":[{"embeddable":true,"href":"http:\/\/www.noticiashondurashn.com\/index.php?rest_route=%2Fwp%2Fv2%2Fcomments&post=7684"}],"version-history":[{"count":2,"href":"http:\/\/www.noticiashondurashn.com\/index.php?rest_route=\/wp\/v2\/posts\/7684\/revisions"}],"predecessor-version":[{"id":7686,"href":"http:\/\/www.noticiashondurashn.com\/index.php?rest_route=\/wp\/v2\/posts\/7684\/revisions\/7686"}],"wp:featuredmedia":[{"embeddable":true,"href":"http:\/\/www.noticiashondurashn.com\/index.php?rest_route=\/wp\/v2\/media\/7688"}],"wp:attachment":[{"href":"http:\/\/www.noticiashondurashn.com\/index.php?rest_route=%2Fwp%2Fv2%2Fmedia&parent=7684"}],"wp:term":[{"taxonomy":"category","embeddable":true,"href":"http:\/\/www.noticiashondurashn.com\/index.php?rest_route=%2Fwp%2Fv2%2Fcategories&post=7684"},{"taxonomy":"post_tag","embeddable":true,"href":"http:\/\/www.noticiashondurashn.com\/index.php?rest_route=%2Fwp%2Fv2%2Ftags&post=7684"}],"curies":[{"name":"wp","href":"https:\/\/api.w.org\/{rel}","templated":true}]}}