{"id":744,"date":"2014-07-21T12:50:25","date_gmt":"2014-07-21T18:50:25","guid":{"rendered":"http:\/\/www.noticiashondurashn.com\/?p=744"},"modified":"2017-11-11T22:32:48","modified_gmt":"2017-11-12T04:32:48","slug":"jornada-de-oracion-para-rogar-por-periodista-herlin-espinal","status":"publish","type":"post","link":"http:\/\/www.noticiashondurashn.com\/?p=744","title":{"rendered":"Jornada de oraci\u00f3n para rogar por periodista Herlin Espinal"},"content":{"rendered":"<p>Periodistas sampedranos realizaron una jornada de oraci\u00f3n en la Iglesia Catedral de San Pedro Sula, para rogar por la vida del periodista Herlin Espinal, desaparecido desde la madrugada del domingo anterior.<br \/>\nLa jornada fue dirigida por el obispo auxiliar Romulo Emilian quien junto a los comunicadores sampedrano rogaron por el retorno sano y a salvo de Espinal. En el acto religioso tambi\u00e9n particip\u00f3 el alcalde sampedrano, Armando Calidonio.<br \/>\nMientras tanto, la polic\u00eda logro detener a una persona fue como parte de las investigaciones que hace la polic\u00eda en el caso. El detenido s\u00f3lo ha sido identificado como \"Tito Casaca\".<br \/>\nEl comunicador que se desapareci\u00f3 desde la madrugada del domingo en Santa Rita de donde es originario, y se le ha buscado en diferentes lugares, pero contin\u00faa desaparecido.<br \/>\nLa polic\u00eda encontr\u00f3 hoy un lugar en El Llano, Santa Cruz de Yojoa donde hab\u00eda un charco de sangre y cuatro casquillos de <a href=\"http:\/\/www.noticiashondurashn.com\/wp-content\/uploads\/2014\/07\/image56.jpg\"><img decoding=\"async\" loading=\"lazy\" src=\"http:\/\/www.noticiashondurashn.com\/wp-content\/uploads\/2014\/07\/image56-300x147.jpg\" alt=\"image\" width=\"300\" height=\"147\" class=\"aligncenter size-medium wp-image-746\" srcset=\"http:\/\/www.noticiashondurashn.com\/wp-content\/uploads\/2014\/07\/image56-300x147.jpg 300w, http:\/\/www.noticiashondurashn.com\/wp-content\/uploads\/2014\/07\/image56-1024x503.jpg 1024w\" sizes=\"(max-width: 300px) 100vw, 300px\" \/><\/a>bala. Los vecinos del sector manifestaron que el domingo a las 4:00 de la tarde escucharon detonaciones de arma de fuego.<br \/>\nTambi\u00e9n inspeccionaron un apartamento que renta el periodista en la colonia Fesitranh de San Pedro Sula.<\/p>\n","protected":false},"excerpt":{"rendered":"<p>Periodistas sampedranos realizaron una jornada de oraci\u00f3n en la Iglesia Catedral de San Pedro Sula, para rogar por la vida<\/p>\n","protected":false},"author":1,"featured_media":746,"comment_status":"open","ping_status":"open","sticky":false,"template":"","format":"standard","meta":[],"categories":[34,13],"tags":[78,76,35],"_links":{"self":[{"href":"http:\/\/www.noticiashondurashn.com\/index.php?rest_route=\/wp\/v2\/posts\/744"}],"collection":[{"href":"http:\/\/www.noticiashondurashn.com\/index.php?rest_route=\/wp\/v2\/posts"}],"about":[{"href":"http:\/\/www.noticiashondurashn.com\/index.php?rest_route=\/wp\/v2\/types\/post"}],"author":[{"embeddable":true,"href":"http:\/\/www.noticiashondurashn.com\/index.php?rest_route=\/wp\/v2\/users\/1"}],"replies":[{"embeddable":true,"href":"http:\/\/www.noticiashondurashn.com\/index.php?rest_route=%2Fwp%2Fv2%2Fcomments&post=744"}],"version-history":[{"count":1,"href":"http:\/\/www.noticiashondurashn.com\/index.php?rest_route=\/wp\/v2\/posts\/744\/revisions"}],"predecessor-version":[{"id":747,"href":"http:\/\/www.noticiashondurashn.com\/index.php?rest_route=\/wp\/v2\/posts\/744\/revisions\/747"}],"wp:featuredmedia":[{"embeddable":true,"href":"http:\/\/www.noticiashondurashn.com\/index.php?rest_route=\/wp\/v2\/media\/746"}],"wp:attachment":[{"href":"http:\/\/www.noticiashondurashn.com\/index.php?rest_route=%2Fwp%2Fv2%2Fmedia&parent=744"}],"wp:term":[{"taxonomy":"category","embeddable":true,"href":"http:\/\/www.noticiashondurashn.com\/index.php?rest_route=%2Fwp%2Fv2%2Fcategories&post=744"},{"taxonomy":"post_tag","embeddable":true,"href":"http:\/\/www.noticiashondurashn.com\/index.php?rest_route=%2Fwp%2Fv2%2Ftags&post=744"}],"curies":[{"name":"wp","href":"https:\/\/api.w.org\/{rel}","templated":true}]}}