{"id":6996,"date":"2016-02-04T19:03:01","date_gmt":"2016-02-05T01:03:01","guid":{"rendered":"http:\/\/www.noticiashondurashn.com\/?p=6996"},"modified":"2016-02-04T19:03:01","modified_gmt":"2016-02-05T01:03:01","slug":"6996-2","status":"publish","type":"post","link":"http:\/\/www.noticiashondurashn.com\/?p=6996","title":{"rendered":"Implementar\u00e0n Programa de Reducci\u00f3n de Violencia en San Pedro Sula"},"content":{"rendered":"<p>La Organizaci\u00f3n Internacional de Derecho del Desarrollo (IDLO) y el gobierno de la Rep\u00fablica de Honduras, oficializaron la instalaci\u00f3n de las oficinas de este organismo y designaron San Pedro Sula como la primera ciudad en Latinoam\u00e9rica de implementar  proyectos de cooperaci\u00f3n y asistencia t\u00e9cnica en diversas tem\u00e1ticas relacionadas con la reduccion de la violencia.<br \/>\nComo parte del pacto se integr\u00f2 la Mesa T\u00e9cnica de Coordinaci\u00f3n del Programa de Reducci\u00f3n de Homicidios y Violencia a trav\u00e9s del Acceso a la Justicia en Honduras (RHAJ), en la que participan por parte de IDLO en Honduras, Elena Incisa di Camerana y Andr\u00e9s V\u00e1zquez; el Gerente de Competitividad de la Municipalidad de San Pedro Sula, Melvin Jos\u00e9 Ferraro; al igual que la embajadora y Vice- Canciller, Mar\u00eda del Carmen Nasser de Ramos, entre otros.<br \/>\n\u201cCon la firma de este importante acuerdo, San Pedro Sula ser\u00eda la primera ciudad en Latinoam\u00e9rica en implementar este proyecto de cooperaci\u00f3n, teniendo como base el acceso a la Justicia de personas v\u00edctimas de violencia dom\u00e9stica, intrafamiliar y de g\u00e9nero\", explic\u00f3 Ferraro.<br \/>\nAgreg\u00f3 que el proyecto tambi\u00e9n incluye la reinserci\u00f3n y acceso a la justicia de las personas v\u00edctimas de delitos por medio de la justicia restaurativa, justicia penal adolescente y acceso a la justicia de personas adolescentes y j\u00f3venes en conflicto con la Ley Penal.<br \/>\nRecalc\u00f3 que la municipalidad sampedrana acept\u00f3 la asistencia t\u00e9cnica de IDLO para articular las distintas instancias que actualmente responden o podr\u00edan responder a cuestiones relativas con la violencia dom\u00e9stica, intrafamiliar y de g\u00e9nero.<br \/>\nManifest\u00f3 que \u201ccomo Municipalidad estamos dispuestos a que el actual centro municipal donde funciona la Gerencia de Apoyo a la Prestaci\u00f3n de Servicios Sociales sea potencialmente el Centro de Respuesta Institucional a la Violencia (CRIV), liderando as\u00ed los procesos de Acceso a la Justicia y Garant\u00edas de Derechos\u201d.<br \/>\nFerraro se\u00f1al\u00f3 que tambi\u00e9n establecieron v\u00ednculos con proyectos instalados en las comunidades de los sectores Rivera Hern\u00e1ndez y Chamelec\u00f3n, que laboran directamente con ni\u00f1os, ni\u00f1as, adolescentes y j\u00f3venes con las cuales han llegado al acuerdo de trabajar en conjunto para identificar potenciales acciones participativas para el diagn\u00f3stico de la problem\u00e1tica y posibles soluciones.<br \/>\nLas autoridades del gobierno local asumen su responsabilidad en la municipalizaci\u00f3n de compromisos internacionales y pol\u00edticas p\u00fablicas nacionales, a fin de ser coherente con la planificaci\u00f3n estrat\u00e9gica e incorpora principios y compromisos internacionales de desarrollo y Derechos Humanos.<\/p>\n","protected":false},"excerpt":{"rendered":"<p>La Organizaci\u00f3n Internacional de Derecho del Desarrollo (IDLO) y el gobierno de la Rep\u00fablica de Honduras, oficializaron la instalaci\u00f3n de<\/p>\n","protected":false},"author":1,"featured_media":6998,"comment_status":"open","ping_status":"open","sticky":false,"template":"","format":"standard","meta":[],"categories":[14],"tags":[78,3,69,5],"_links":{"self":[{"href":"http:\/\/www.noticiashondurashn.com\/index.php?rest_route=\/wp\/v2\/posts\/6996"}],"collection":[{"href":"http:\/\/www.noticiashondurashn.com\/index.php?rest_route=\/wp\/v2\/posts"}],"about":[{"href":"http:\/\/www.noticiashondurashn.com\/index.php?rest_route=\/wp\/v2\/types\/post"}],"author":[{"embeddable":true,"href":"http:\/\/www.noticiashondurashn.com\/index.php?rest_route=\/wp\/v2\/users\/1"}],"replies":[{"embeddable":true,"href":"http:\/\/www.noticiashondurashn.com\/index.php?rest_route=%2Fwp%2Fv2%2Fcomments&post=6996"}],"version-history":[{"count":2,"href":"http:\/\/www.noticiashondurashn.com\/index.php?rest_route=\/wp\/v2\/posts\/6996\/revisions"}],"predecessor-version":[{"id":6999,"href":"http:\/\/www.noticiashondurashn.com\/index.php?rest_route=\/wp\/v2\/posts\/6996\/revisions\/6999"}],"wp:featuredmedia":[{"embeddable":true,"href":"http:\/\/www.noticiashondurashn.com\/index.php?rest_route=\/wp\/v2\/media\/6998"}],"wp:attachment":[{"href":"http:\/\/www.noticiashondurashn.com\/index.php?rest_route=%2Fwp%2Fv2%2Fmedia&parent=6996"}],"wp:term":[{"taxonomy":"category","embeddable":true,"href":"http:\/\/www.noticiashondurashn.com\/index.php?rest_route=%2Fwp%2Fv2%2Fcategories&post=6996"},{"taxonomy":"post_tag","embeddable":true,"href":"http:\/\/www.noticiashondurashn.com\/index.php?rest_route=%2Fwp%2Fv2%2Ftags&post=6996"}],"curies":[{"name":"wp","href":"https:\/\/api.w.org\/{rel}","templated":true}]}}