{"id":6612,"date":"2015-11-26T21:11:00","date_gmt":"2015-11-27T03:11:00","guid":{"rendered":"http:\/\/www.noticiashondurashn.com\/?p=6612"},"modified":"2015-11-26T21:11:12","modified_gmt":"2015-11-27T03:11:12","slug":"presidente-joh-pretende-regular-la-nota-roja-en-los-medios-de-comunicacion","status":"publish","type":"post","link":"http:\/\/www.noticiashondurashn.com\/?p=6612","title":{"rendered":"Presidente JOH pretende regular la nota roja en los medios de comunicaci\u00f3n"},"content":{"rendered":"<p><strong>\"Estamos fomentando una mente delincuencial\u201d al destacar los hechos criminales, manifest\u00f3 el mandatario<\/strong>.<\/p>\n<p>Una nueva amenaza se cierne en el tema de libertad de expresi\u00f3n en Honduras despu\u00e9s que el presidente Juan Orlando Hern\u00e1ndez anunci\u00f3 su pretensi\u00f3n de regular la nota roja en los medios de comunicaci\u00f3n, seg\u00fan dej\u00f3 entrever hoy en una reuni\u00f3n con los jefes de bancada de los partidos pol\u00edticos representados en el Congreso Nacional.<br \/>\nA ra\u00edz de los ultimas masacres que cobraron la vida de 15 personas, el mandatario convers\u00f3 con los l\u00edderes de las bancadas sobre cu\u00e1l es el tratamiento que debe de darle la sociedad a los hechos criminales.<br \/>\n\u201cMiren c\u00f3mo est\u00e1 el mundo hoy, no en Honduras; en el Medio Oriente, lo que est\u00e1 pasando en la Europa moderna y avanzada,  lo que ocurri\u00f3 en Francia, con todos estos grupos que  de alguna manera se ha radicalizado\u201d, apunt\u00f3 para luego a\u00f1adir que \u201centonces, nosotros tenemos que adelantarnos a esa situaci\u00f3n\u201d.<br \/>\nHern\u00e1ndez exterioriz\u00f3 que hoy en la inauguraci\u00f3n del megaparque en la colonia Campo Cielo de Comayag\u00fcela, con la participaci\u00f3n de la ciudadan\u00eda y los sacerdotes salesianos, \u201cme expusieron: presidente, haga algo con respecto a la manera de que se trata la noticia, principalmente con el tema de los homicidios\u201d.<br \/>\n\u201cMe dec\u00edan: c\u00f3mo es posible que en un medio se mostraba una fotograf\u00eda de una ciudadana hab\u00eda sido agredida por su compa\u00f1ero de hogar, que se encontraba en estado de ebriedad y la hab\u00eda herido con un machete, y me expresaban: c\u00f3mo puede salir esto, si lo pueden ver sus hijos, sus nietos; y hoy traje ese mensaje aqu\u00ed\u201d,  puntualiz\u00f3.<br \/>\nHern\u00e1ndez refiri\u00f3 que ya un grupo de vecinos de colonias de la capital hab\u00edan presentado un proyecto referente al asunto, y \u201cyo pido que analicemos ese tema y conversemos con los medios como lo hemos hecho en el pasado\u201d.<br \/>\nInsisti\u00f3 en que, de no ser as\u00ed, el que se inicia en la carrera delictiva cada d\u00eda que mira una exposici\u00f3n en los medios se le aumenta el ego y va aumentando las atrocidades, por lo que \u201cestamos fomentando una mente delincuencial\u201d al destacar los hechos criminales.<br \/>\n\u201cMiren el tratamiento que Francia le dio a los  hechos criminales\u201d, agreg\u00f3 el mandatario tras la reuni\u00f3n, donde tambi\u00e9n particip\u00f3 el presidente del Congreso Nacional.<\/p>\n","protected":false},"excerpt":{"rendered":"<p>\"Estamos fomentando una mente delincuencial\u201d al destacar los hechos criminales, manifest\u00f3 el mandatario. Una nueva amenaza se cierne en el<\/p>\n","protected":false},"author":1,"featured_media":6611,"comment_status":"open","ping_status":"open","sticky":false,"template":"","format":"standard","meta":[],"categories":[34,13],"tags":[3,50,76,35],"_links":{"self":[{"href":"http:\/\/www.noticiashondurashn.com\/index.php?rest_route=\/wp\/v2\/posts\/6612"}],"collection":[{"href":"http:\/\/www.noticiashondurashn.com\/index.php?rest_route=\/wp\/v2\/posts"}],"about":[{"href":"http:\/\/www.noticiashondurashn.com\/index.php?rest_route=\/wp\/v2\/types\/post"}],"author":[{"embeddable":true,"href":"http:\/\/www.noticiashondurashn.com\/index.php?rest_route=\/wp\/v2\/users\/1"}],"replies":[{"embeddable":true,"href":"http:\/\/www.noticiashondurashn.com\/index.php?rest_route=%2Fwp%2Fv2%2Fcomments&post=6612"}],"version-history":[{"count":1,"href":"http:\/\/www.noticiashondurashn.com\/index.php?rest_route=\/wp\/v2\/posts\/6612\/revisions"}],"predecessor-version":[{"id":6613,"href":"http:\/\/www.noticiashondurashn.com\/index.php?rest_route=\/wp\/v2\/posts\/6612\/revisions\/6613"}],"wp:featuredmedia":[{"embeddable":true,"href":"http:\/\/www.noticiashondurashn.com\/index.php?rest_route=\/wp\/v2\/media\/6611"}],"wp:attachment":[{"href":"http:\/\/www.noticiashondurashn.com\/index.php?rest_route=%2Fwp%2Fv2%2Fmedia&parent=6612"}],"wp:term":[{"taxonomy":"category","embeddable":true,"href":"http:\/\/www.noticiashondurashn.com\/index.php?rest_route=%2Fwp%2Fv2%2Fcategories&post=6612"},{"taxonomy":"post_tag","embeddable":true,"href":"http:\/\/www.noticiashondurashn.com\/index.php?rest_route=%2Fwp%2Fv2%2Ftags&post=6612"}],"curies":[{"name":"wp","href":"https:\/\/api.w.org\/{rel}","templated":true}]}}