{"id":6435,"date":"2015-11-05T14:48:00","date_gmt":"2015-11-05T20:48:00","guid":{"rendered":"http:\/\/www.noticiashondurashn.com\/?p=6435"},"modified":"2015-11-05T14:48:56","modified_gmt":"2015-11-05T20:48:56","slug":"policias-amenazaron-a-dirigente-de-indignados-que-no-va-a-quedar-vivo","status":"publish","type":"post","link":"http:\/\/www.noticiashondurashn.com\/?p=6435","title":{"rendered":"Polic\u00edas amenazaron a dirigente de Indignados que no va a quedar vivo"},"content":{"rendered":"<p>Miguel Brice\u00f1o, l\u00edder del movimiento \"Honduras, Indignados Somos Todos\" fue presentado hoy ante los tribunales acusado por el delito de da\u00f1os en perjuicio del polic\u00eda Delmer Godoy del Escuadr\u00f3n Cobra.<br \/>\nBrice\u00f1o fue detenido por la polic\u00eda ayer, afuera de la Universidad Nacional Aut\u00f3noma de Honduras (UNAH), en el marco de las protestas contra la corrupci\u00f3n, exigiendo la instalaci\u00f3n de una Comisi\u00f3n contra la Impunidad en Honduras (Cicih), similar a la que en Guatemala llev\u00f3 a la c\u00e1rcel al expresidente Otto P\u00e9rez Molina.<br \/>\nAl dirigente se le aplicaron medidas sustitutivas de la prisi\u00f3n y se le permitir\u00e1 seguir el proceso en libertad.<br \/>\nBrice\u00f1o indic\u00f3 que lo enchacharon y pese a que se le subi\u00f3 la presi\u00f3n arterial no se le quer\u00eda enviar a una cl\u00ednica, pero tras la denuncia lo enviaron al hospital Escuela.<br \/>\nAgreg\u00f3 que durante estuvo preso, de tres a cuatro polic\u00edas le advirtieron que lo iban a matar, \"que no iba a quedar vivo\", pese a lo cual afirm\u00f3 que seguir\u00e1 en la lucha.<br \/>\nPor otro lado, en Estados Unidos, Ariel Varela y Gabriela Blen, dirigentes de los indignados se reunieron con el secretario general de la Organizaci\u00f3n de Estados Americanos (OEA), Luis Almagro para abordar el tema de la Misi\u00f3n de Apoyo contra la Corrupci\u00f3n y la Impunidad en Honduras (MACCIH), que promueve ese organismo a solicitud del presidente Juan Hern\u00e1ndez.<br \/>\nLa situaci\u00f3n ha sido calificada por el pueblo como una traici\u00f3n al movimiento de los indignados y calificaron a Varela y Blen de \"vividores\".<\/p>\n","protected":false},"excerpt":{"rendered":"<p>Miguel Brice\u00f1o, l\u00edder del movimiento \"Honduras, Indignados Somos Todos\" fue presentado hoy ante los tribunales acusado por el delito de<\/p>\n","protected":false},"author":1,"featured_media":6434,"comment_status":"open","ping_status":"open","sticky":false,"template":"","format":"standard","meta":[],"categories":[15],"tags":[78,70,8,3,10,81],"_links":{"self":[{"href":"http:\/\/www.noticiashondurashn.com\/index.php?rest_route=\/wp\/v2\/posts\/6435"}],"collection":[{"href":"http:\/\/www.noticiashondurashn.com\/index.php?rest_route=\/wp\/v2\/posts"}],"about":[{"href":"http:\/\/www.noticiashondurashn.com\/index.php?rest_route=\/wp\/v2\/types\/post"}],"author":[{"embeddable":true,"href":"http:\/\/www.noticiashondurashn.com\/index.php?rest_route=\/wp\/v2\/users\/1"}],"replies":[{"embeddable":true,"href":"http:\/\/www.noticiashondurashn.com\/index.php?rest_route=%2Fwp%2Fv2%2Fcomments&post=6435"}],"version-history":[{"count":1,"href":"http:\/\/www.noticiashondurashn.com\/index.php?rest_route=\/wp\/v2\/posts\/6435\/revisions"}],"predecessor-version":[{"id":6436,"href":"http:\/\/www.noticiashondurashn.com\/index.php?rest_route=\/wp\/v2\/posts\/6435\/revisions\/6436"}],"wp:featuredmedia":[{"embeddable":true,"href":"http:\/\/www.noticiashondurashn.com\/index.php?rest_route=\/wp\/v2\/media\/6434"}],"wp:attachment":[{"href":"http:\/\/www.noticiashondurashn.com\/index.php?rest_route=%2Fwp%2Fv2%2Fmedia&parent=6435"}],"wp:term":[{"taxonomy":"category","embeddable":true,"href":"http:\/\/www.noticiashondurashn.com\/index.php?rest_route=%2Fwp%2Fv2%2Fcategories&post=6435"},{"taxonomy":"post_tag","embeddable":true,"href":"http:\/\/www.noticiashondurashn.com\/index.php?rest_route=%2Fwp%2Fv2%2Ftags&post=6435"}],"curies":[{"name":"wp","href":"https:\/\/api.w.org\/{rel}","templated":true}]}}