{"id":6075,"date":"2015-09-19T22:04:00","date_gmt":"2015-09-20T04:04:00","guid":{"rendered":"http:\/\/www.noticiashondurashn.com\/?p=6075"},"modified":"2015-09-19T22:04:48","modified_gmt":"2015-09-20T04:04:48","slug":"poca-importancia-le-damos-al-hecho-de-estar-vivos-pepe-mujica","status":"publish","type":"post","link":"http:\/\/www.noticiashondurashn.com\/?p=6075","title":{"rendered":"\"Poca importancia le damos al hecho de estar vivos\": Pepe Mujica"},"content":{"rendered":"<p>El expresidente de Uruguay y todav\u00eda senador, Jos\u00e9 Mujica pas\u00f3 tres lustros en la c\u00e1rcel durante la dictadura de su pa\u00eds. Aislado, solo y sin hablar con otra persona que no fuese \u00e9l mismo, empez\u00f3 a cambiar su visi\u00f3n del mundo. Pero antes, cambi\u00f3 la de s\u00ed mismo: \u201cPertenezco a una generaci\u00f3n que quiso cambiar el mundo pero cometi\u00f3 el terrible error de no querer cambiarse antes a ella\u201d.<\/p>\n<p>Una catarsis vital sintetizada en una veintena de palabras que Mujica ha pronunciado en C\u00f3rdoba, durante la inauguraci\u00f3n del Congreso de la Sabidur\u00eda y el Conocimiento, organizado por la Cadena Ser y en el que participan, entre otros, Fernando Savater, Antonio Mu\u00f1oz Molina o Elvira Lindo. Junto a Mujica se sentaron la presidenta de la Junta andaluza, Susana D\u00edaz, la alcaldesa de C\u00f3rdoba, Isabel Ambrosio, los rectores de las dos universidades de la ciudad y el director general de la Ser, Vicente Jim\u00e9nez. Una multitud, comparada con la celda de aislamiento y tortura en la que vivi\u00f3 en Uruguay. \u201cAll\u00ed pens\u00e9 que las cosas tienen un principio y un final. Y no. Lo que tiene un principio y un final, simplemente, es la vida. El resto es transitar\u201d, explic\u00f3 el mi\u00e9rcoles, ante un grupo de periodistas e intelectuales, en la Posada del Potro de la C\u00f3rdoba. \u201cEsto, la vida, es un minuto y se va. Tenemos la eternidad para no ser y solo un minuto para ser\u201d, se indignaba. Por eso, lo que m\u00e1s ofende hoy al exmandatario es \u201cla poca importancia que le damos al hecho de estar vivos\u201d.<\/p>\n<p>Desde que el 1 de marzo este antiguo guerrillero tupamaro dej\u00f3 de ser m\u00e1ximo responsable pol\u00edtico de su pa\u00eds, ha viajado por el mundo. Sin querer, Mujica se ha convertido en un referente para muchos. \u201cTiene ventaja esto de ser viejo, porque de joven uno puede creerse en demas\u00eda estos elogios\u201d, dijo anoche al abarrotado auditorio cordob\u00e9s que le regal\u00f3 largos aplausos. Su mensaje humanista, su forma de ser sencilla y accesible y su discurso claro han calado en el p\u00fablico. Especialmente en Espa\u00f1a, poco habituada a este tipo de perfiles pol\u00edticos. \u201cPero yo no soy ni un fil\u00f3sofo ni un intelectual. Lo fui hasta los 25. Hasta esa edad lo le\u00eda todo, desde la gu\u00eda telef\u00f3nica a S\u00e9neca\u201d, brome\u00f3.<\/p>\n<p>El fil\u00f3sofo romano nacido en C\u00f3rdoba fue una constante en su charla. Su visi\u00f3n de la moderaci\u00f3n, su concepci\u00f3n de la riqueza y la pobreza sirvieron a Mujica para hilvanar su visi\u00f3n del mundo. \u201cS\u00e9neca nos dec\u00eda no es pobre quien tiene poco, sino quien mucho desea. Y la tribu aimara a\u00f1ade pobre es el que no tiene comunidad. Estos son los valores que realmente importan\u201d, subray\u00f3. Y as\u00ed puso en la diana a la econom\u00eda de mercado y al sistema de crecimiento basado en el consumo. \u201cYo no planteo un atraso ni una paralizaci\u00f3n, solo lucho contra la identificaci\u00f3n de que la felicidad es la capacidad de comprar cosas nuevas\u201d. Para Mujica, uno de los terrores y errores del actual modelo social y econ\u00f3mico es la \u201cesclavitud\u201d del trabajo. \u201cNo vinimos a este mundo solo a trabajar y comprar; vinimos a vivir. La vida es un milagro; la vida es un regalo. Y solo tenemos una\u201d. (Fuente: elpa\u00eds.com).<\/p>\n","protected":false},"excerpt":{"rendered":"<p>El expresidente de Uruguay y todav\u00eda senador, Jos\u00e9 Mujica pas\u00f3 tres lustros en la c\u00e1rcel durante la dictadura de su<\/p>\n","protected":false},"author":1,"featured_media":6074,"comment_status":"open","ping_status":"open","sticky":false,"template":"","format":"standard","meta":[],"categories":[41],"tags":[57,68,69],"_links":{"self":[{"href":"http:\/\/www.noticiashondurashn.com\/index.php?rest_route=\/wp\/v2\/posts\/6075"}],"collection":[{"href":"http:\/\/www.noticiashondurashn.com\/index.php?rest_route=\/wp\/v2\/posts"}],"about":[{"href":"http:\/\/www.noticiashondurashn.com\/index.php?rest_route=\/wp\/v2\/types\/post"}],"author":[{"embeddable":true,"href":"http:\/\/www.noticiashondurashn.com\/index.php?rest_route=\/wp\/v2\/users\/1"}],"replies":[{"embeddable":true,"href":"http:\/\/www.noticiashondurashn.com\/index.php?rest_route=%2Fwp%2Fv2%2Fcomments&post=6075"}],"version-history":[{"count":1,"href":"http:\/\/www.noticiashondurashn.com\/index.php?rest_route=\/wp\/v2\/posts\/6075\/revisions"}],"predecessor-version":[{"id":6076,"href":"http:\/\/www.noticiashondurashn.com\/index.php?rest_route=\/wp\/v2\/posts\/6075\/revisions\/6076"}],"wp:featuredmedia":[{"embeddable":true,"href":"http:\/\/www.noticiashondurashn.com\/index.php?rest_route=\/wp\/v2\/media\/6074"}],"wp:attachment":[{"href":"http:\/\/www.noticiashondurashn.com\/index.php?rest_route=%2Fwp%2Fv2%2Fmedia&parent=6075"}],"wp:term":[{"taxonomy":"category","embeddable":true,"href":"http:\/\/www.noticiashondurashn.com\/index.php?rest_route=%2Fwp%2Fv2%2Fcategories&post=6075"},{"taxonomy":"post_tag","embeddable":true,"href":"http:\/\/www.noticiashondurashn.com\/index.php?rest_route=%2Fwp%2Fv2%2Ftags&post=6075"}],"curies":[{"name":"wp","href":"https:\/\/api.w.org\/{rel}","templated":true}]}}