{"id":5391,"date":"2015-07-25T08:53:00","date_gmt":"2015-07-25T14:53:00","guid":{"rendered":"http:\/\/www.noticiashondurashn.com\/?p=5391"},"modified":"2015-07-25T08:35:24","modified_gmt":"2015-07-25T14:35:24","slug":"dia-del-camarografo-y-fotografo-de-prensa","status":"publish","type":"post","link":"http:\/\/www.noticiashondurashn.com\/?p=5391","title":{"rendered":"D\u00eda del camar\u00f3grafo y fotografo de prensa"},"content":{"rendered":"<p>El calendario nacional hondure\u00f1o conmemora hoy como D\u00eda del Camar\u00f3grafo y Fot\u00f3grafo de Prensa de Honduras.<br \/>\nEl Congreso Nacional mediante decreto aprob\u00f3 dedicar el 25 de julio de cada a\u00f1o, como d\u00eda para celebrar a los encargados de hacer los tomas e instant\u00e1neas de los hechos noticiosos que se dan en el pa\u00eds.<br \/>\nEl decreto publicado en el Diario Oficial La Gaceta, fue aprobado durante presidi\u00f3 ese \u00f3rgano del Estado, el fallecido profesor Rafael Pineda Ponce.<br \/>\nLos camar\u00f3grafos y fot\u00f3grafos de los medios de comunicaci\u00f3n ejercen una labor poco reconocida porque normalmente no aparecen, ni se les da el cr\u00e9dito por su trabajo es tr\u00e1s de c\u00e1maras.<br \/>\nEn Honduras adem\u00e1s son mal pagados y en muchos casos tampoco se les pagan horas extras y otros derechos laborales establecidos en las leyes, como ocurre con la mayor\u00eda de los empleados de los medios de comunicaci\u00f3n.<br \/>\nDesde noticiashondurashn.com nos sumamos a las felicitaciones para los fot\u00f3grafos y camar\u00f3grafos, gracias a los cuales podemos informarles e ilustrar las noticias.<\/p>\n","protected":false},"excerpt":{"rendered":"<p>El calendario nacional hondure\u00f1o conmemora hoy como D\u00eda del Camar\u00f3grafo y Fot\u00f3grafo de Prensa de Honduras. El Congreso Nacional mediante<\/p>\n","protected":false},"author":1,"featured_media":5390,"comment_status":"open","ping_status":"open","sticky":false,"template":"","format":"standard","meta":[],"categories":[13],"tags":[78,3,76,35],"_links":{"self":[{"href":"http:\/\/www.noticiashondurashn.com\/index.php?rest_route=\/wp\/v2\/posts\/5391"}],"collection":[{"href":"http:\/\/www.noticiashondurashn.com\/index.php?rest_route=\/wp\/v2\/posts"}],"about":[{"href":"http:\/\/www.noticiashondurashn.com\/index.php?rest_route=\/wp\/v2\/types\/post"}],"author":[{"embeddable":true,"href":"http:\/\/www.noticiashondurashn.com\/index.php?rest_route=\/wp\/v2\/users\/1"}],"replies":[{"embeddable":true,"href":"http:\/\/www.noticiashondurashn.com\/index.php?rest_route=%2Fwp%2Fv2%2Fcomments&post=5391"}],"version-history":[{"count":3,"href":"http:\/\/www.noticiashondurashn.com\/index.php?rest_route=\/wp\/v2\/posts\/5391\/revisions"}],"predecessor-version":[{"id":5630,"href":"http:\/\/www.noticiashondurashn.com\/index.php?rest_route=\/wp\/v2\/posts\/5391\/revisions\/5630"}],"wp:featuredmedia":[{"embeddable":true,"href":"http:\/\/www.noticiashondurashn.com\/index.php?rest_route=\/wp\/v2\/media\/5390"}],"wp:attachment":[{"href":"http:\/\/www.noticiashondurashn.com\/index.php?rest_route=%2Fwp%2Fv2%2Fmedia&parent=5391"}],"wp:term":[{"taxonomy":"category","embeddable":true,"href":"http:\/\/www.noticiashondurashn.com\/index.php?rest_route=%2Fwp%2Fv2%2Fcategories&post=5391"},{"taxonomy":"post_tag","embeddable":true,"href":"http:\/\/www.noticiashondurashn.com\/index.php?rest_route=%2Fwp%2Fv2%2Ftags&post=5391"}],"curies":[{"name":"wp","href":"https:\/\/api.w.org\/{rel}","templated":true}]}}