{"id":5195,"date":"2015-06-07T14:20:22","date_gmt":"2015-06-07T20:20:22","guid":{"rendered":"http:\/\/www.noticiashondurashn.com\/?p=5195"},"modified":"2015-06-07T14:21:33","modified_gmt":"2015-06-07T20:21:33","slug":"pintan-la-cara-a-san-pedro-sula","status":"publish","type":"post","link":"http:\/\/www.noticiashondurashn.com\/?p=5195","title":{"rendered":"Pintan la cara a San Pedro Sula"},"content":{"rendered":"<p>Con motivo de la Feria Juniana y para  realzar la belleza  de la ciudad y para que esta est\u00e9 adecuadamente se\u00f1alizada, cuadrillas de la municipalidad de San Pedro Sula, iniciaron el pintando los bordillos  de aceras  y medianas  de los bulevares del Norte, Sur y Este, as\u00ed como otras \u00e1reas verdes importantes.<\/p>\n<p>John Garc\u00eda, jefe de la unidad de Parques y Bulevares, indic\u00f3 que se est\u00e1 renovando la pintura de los bordillos  de las v\u00edas m\u00e1s c\u00e9ntricas, a fin de que luzcan renovadas y vistosas, pues es vital que los sampedranos tengan sus v\u00edas correctamente pintadas.<\/p>\n<p>Las cuadrillas municipales pintaron los bordillos del bulevar del Sur,  desde el Monumento a  La Madre hasta el campo Agas. Luego har\u00e1n igual trabajo en  toda la avenida J\u00fanior, continuando  hasta donde termina la colonia  El Roble.<\/p>\n<p>El proyecto tambi\u00e9n incluye la avenida Circunvalaci\u00f3n y  \u00e1reas donde hay mayor concentraci\u00f3n de transe\u00fantes tanto a pi\u00e9 como en sus veh\u00edculos, explic\u00f3 Garc\u00eda, tras agregar que en total se pintar\u00e1 en estos d\u00edas un promedio de 1,600 metros lineales,  con  pintura de tr\u00e1nsito termopl\u00e1stica,  color  amarillo.<\/p>\n<p>Asimismo, hizo un  llamado a la poblaci\u00f3n para que contribuya con este proyecto, evitando  tirar basura en la v\u00eda p\u00fablica,  pues la comunidad  m\u00e1s limpia  no es la que m\u00e1s se barre, sino la que menos se ensucia.<\/p>\n","protected":false},"excerpt":{"rendered":"<p>Con motivo de la Feria Juniana y para realzar la belleza de la ciudad y para que esta est\u00e9 adecuadamente<\/p>\n","protected":false},"author":1,"featured_media":5196,"comment_status":"open","ping_status":"open","sticky":false,"template":"","format":"standard","meta":[],"categories":[14],"tags":[69,5],"_links":{"self":[{"href":"http:\/\/www.noticiashondurashn.com\/index.php?rest_route=\/wp\/v2\/posts\/5195"}],"collection":[{"href":"http:\/\/www.noticiashondurashn.com\/index.php?rest_route=\/wp\/v2\/posts"}],"about":[{"href":"http:\/\/www.noticiashondurashn.com\/index.php?rest_route=\/wp\/v2\/types\/post"}],"author":[{"embeddable":true,"href":"http:\/\/www.noticiashondurashn.com\/index.php?rest_route=\/wp\/v2\/users\/1"}],"replies":[{"embeddable":true,"href":"http:\/\/www.noticiashondurashn.com\/index.php?rest_route=%2Fwp%2Fv2%2Fcomments&post=5195"}],"version-history":[{"count":1,"href":"http:\/\/www.noticiashondurashn.com\/index.php?rest_route=\/wp\/v2\/posts\/5195\/revisions"}],"predecessor-version":[{"id":5197,"href":"http:\/\/www.noticiashondurashn.com\/index.php?rest_route=\/wp\/v2\/posts\/5195\/revisions\/5197"}],"wp:featuredmedia":[{"embeddable":true,"href":"http:\/\/www.noticiashondurashn.com\/index.php?rest_route=\/wp\/v2\/media\/5196"}],"wp:attachment":[{"href":"http:\/\/www.noticiashondurashn.com\/index.php?rest_route=%2Fwp%2Fv2%2Fmedia&parent=5195"}],"wp:term":[{"taxonomy":"category","embeddable":true,"href":"http:\/\/www.noticiashondurashn.com\/index.php?rest_route=%2Fwp%2Fv2%2Fcategories&post=5195"},{"taxonomy":"post_tag","embeddable":true,"href":"http:\/\/www.noticiashondurashn.com\/index.php?rest_route=%2Fwp%2Fv2%2Ftags&post=5195"}],"curies":[{"name":"wp","href":"https:\/\/api.w.org\/{rel}","templated":true}]}}