{"id":4860,"date":"2015-05-06T22:26:00","date_gmt":"2015-05-07T04:26:00","guid":{"rendered":"http:\/\/www.noticiashondurashn.com\/?p=4860"},"modified":"2015-05-06T22:26:45","modified_gmt":"2015-05-07T04:26:45","slug":"artistas-se-unen-para-promover-campana-contra-negativa-imagen-de-san-pedro-sula","status":"publish","type":"post","link":"http:\/\/www.noticiashondurashn.com\/?p=4860","title":{"rendered":"Artistas se unen para promover campa\u00f1a contra negativa imagen de San Pedro Sula"},"content":{"rendered":"<p>Con el prop\u00f3sito de incentivar a la ciudadan\u00eda a recuperar la ciudad uniendo los esfuerzos de las diferentes organizaciones civiles, fundaciones, artistas, centros educativos, c\u00e1maras gremiales y empresa privada con el ciudadano y la comunidad; aportando tiempo y talento para crear lazos de solidaridad com\u00fan, se desarrollar\u00e1 en San Pedro Sula el Festival del Sol.<br \/>\nEl Festival es un punto de encuentro de acci\u00f3n ciudadana que proyecta los talentos y solidaridad del sampedrano en una interacci\u00f3n cultural, art\u00edstica, deportiva, musical, y gastron\u00f3mica con la intervenci\u00f3n de zonas que quedan aptas para el esparcimiento externo del ciudadano y el turista.<br \/>\nEsta actividad se convierte en una plataforma para unificar una voz positiva y mostrar la otra cara de San Pedro Sula, con cada acci\u00f3n en apoyo a tu comunidad sumando a un esfuerzo colectivo.<br \/>\nIdentificado con la etiqueta  #festivaldelsolhn se mostrar\u00e1 al mundo el verdadero sentimiento de San Pedro Sula. Adem\u00e1s tiene su punto de cl\u00edmax en actividades como el 16 de Mayo, donde se vive una gran fiesta al transformar un \u00e1rea  con una intervenci\u00f3n social cultural que dejara su huella de como una comunidad se puede unir para transformar sus espacios externos.<br \/>\nLa gran fiesta ser\u00e1 el 16 de Mayo en la Colonia Trejo 21 Calle 23 Avenida, frente a la Escuela Episcopal donde habr\u00e1 conciertos, arte urbano de primer nivel, torneo, juegos, exhibiciones, comida y m\u00e1s en un ambiente seguro y festivales similares se har\u00e1n continuamente en otros sitios de la ciudad.<br \/>\nEl Festival del SOL se liga directamente al proyecto integral San Pedro Sula sede del Ecoturismo Urbano, que ha unido a m\u00e1s de 20 organizaciones liderados por la C\u00e1mara Nacional de Turismo de San Pedro Sula  que desarrollara  15 zonas tur\u00edsticas y  de interacci\u00f3n familiar y comunal convirtiendo a San Pedro Sula en un destino regional de varios tipos de turismo y de igual manera devolviendo al sampedrano espacios de recreaci\u00f3n, seguridad y cultura.<\/p>\n","protected":false},"excerpt":{"rendered":"<p>Con el prop\u00f3sito de incentivar a la ciudadan\u00eda a recuperar la ciudad uniendo los esfuerzos de las diferentes organizaciones civiles,<\/p>\n","protected":false},"author":1,"featured_media":4859,"comment_status":"open","ping_status":"open","sticky":false,"template":"","format":"standard","meta":[],"categories":[44],"tags":[69,5],"_links":{"self":[{"href":"http:\/\/www.noticiashondurashn.com\/index.php?rest_route=\/wp\/v2\/posts\/4860"}],"collection":[{"href":"http:\/\/www.noticiashondurashn.com\/index.php?rest_route=\/wp\/v2\/posts"}],"about":[{"href":"http:\/\/www.noticiashondurashn.com\/index.php?rest_route=\/wp\/v2\/types\/post"}],"author":[{"embeddable":true,"href":"http:\/\/www.noticiashondurashn.com\/index.php?rest_route=\/wp\/v2\/users\/1"}],"replies":[{"embeddable":true,"href":"http:\/\/www.noticiashondurashn.com\/index.php?rest_route=%2Fwp%2Fv2%2Fcomments&post=4860"}],"version-history":[{"count":1,"href":"http:\/\/www.noticiashondurashn.com\/index.php?rest_route=\/wp\/v2\/posts\/4860\/revisions"}],"predecessor-version":[{"id":4861,"href":"http:\/\/www.noticiashondurashn.com\/index.php?rest_route=\/wp\/v2\/posts\/4860\/revisions\/4861"}],"wp:featuredmedia":[{"embeddable":true,"href":"http:\/\/www.noticiashondurashn.com\/index.php?rest_route=\/wp\/v2\/media\/4859"}],"wp:attachment":[{"href":"http:\/\/www.noticiashondurashn.com\/index.php?rest_route=%2Fwp%2Fv2%2Fmedia&parent=4860"}],"wp:term":[{"taxonomy":"category","embeddable":true,"href":"http:\/\/www.noticiashondurashn.com\/index.php?rest_route=%2Fwp%2Fv2%2Fcategories&post=4860"},{"taxonomy":"post_tag","embeddable":true,"href":"http:\/\/www.noticiashondurashn.com\/index.php?rest_route=%2Fwp%2Fv2%2Ftags&post=4860"}],"curies":[{"name":"wp","href":"https:\/\/api.w.org\/{rel}","templated":true}]}}