{"id":4607,"date":"2015-04-13T14:03:55","date_gmt":"2015-04-13T20:03:55","guid":{"rendered":"http:\/\/www.noticiashondurashn.com\/?p=4607"},"modified":"2017-11-10T20:25:52","modified_gmt":"2017-11-11T02:25:52","slug":"policia-agrede-a-periodista-y-camarografo-de-televisora","status":"publish","type":"post","link":"http:\/\/www.noticiashondurashn.com\/?p=4607","title":{"rendered":"Polic\u00eda agrede a periodista y camar\u00f3grafo de televisora"},"content":{"rendered":"<div align=\"right\" style=\"text-align: right;\">\n<p style=\"text-align: start;\"><span size=\"3\" face=\"Times New Roman\" style=\"-webkit-text-size-adjust: auto; background-color: rgba(255, 255, 255, 0);\">U<\/span><span style=\"-webkit-text-size-adjust: auto; background-color: rgba(255, 255, 255, 0);\">n agente de la Polic\u00eda de Tr\u00e1nsito, agredi\u00f3 a un periodista y a su camar\u00f3grafo cuando transmit\u00edan en vivo el asesinato de un ciudadano en&nbsp;las proximidades de la terminal de buses de la norte\u00f1a ciudad de San Pedro Sula.<\/span><\/p>\n<\/div>\n<div align=\"justify\" style=\"text-align: justify;\">\n<div>\n<p style=\"text-align: start;\"><span style=\"line-height: normal; -webkit-text-size-adjust: auto; background-color: rgba(255, 255, 255, 0);\">Mientras el camar\u00f3grafo, Carlos P\u00e9rez, enfocaba im\u00e1genes de un hombre asesinado, el periodista Gustavo Ard\u00f3n interrogaba al agente que no fue identificado, sobre los datos que ten\u00eda del asesinato. El uniformado caminaba para proteger la escena del crimen, delimitada con conos fluorescentes, y el periodista le preguntaba qu\u00e9 informaci\u00f3n ten\u00eda del caso.<\/span><\/p>\n<\/div>\n<p style=\"text-align: start;\"><span style=\"-webkit-text-size-adjust: auto; background-color: rgba(255, 255, 255, 0);\">El agente contest\u00f3 de forma grosera y luego, aunque no se mira en el video, el reportero le dice, \"tranquilo, estamos cumpliendo\". Posteriormente, el periodista deja claro que le est\u00e1 pidiendo informaci\u00f3n y manifiesta, en la transmisi\u00f3n en directo, que los polic\u00edas, lejos de enojarse con los delincuentes, se vuelven enemigos de los medios de comunicaci\u00f3n, instante en que se ve al agente abalanzarse sobre el camar\u00f3grafo y se nota el movimiento brusco de la c\u00e1mara, luego el periodista le pide tranquilidad y respeto al polic\u00eda.<\/span><\/p>\n<p style=\"text-align: start;\"><span style=\"-webkit-text-size-adjust: auto; background-color: rgba(255, 255, 255, 0);\">\"Porqu\u00e9 me est\u00e1n molestando aqu\u00ed, estoy trabajando\", dijo el agente mientras se alejaba tras la agresi\u00f3n, por su parte, el periodista lo sigue y le increpa que por qu\u00e9 no se enfrenta as\u00ed a los delincuentes, pero s\u00ed con los comunicadores. Al final el agente dijo palabras que no se escuchan.<\/span><\/p>\n<p style=\"text-align: start;\"><span style=\"-webkit-text-size-adjust: auto; background-color: rgba(255, 255, 255, 0);\">Al respecto, Canal 6 public\u00f3 en las redes sociales el video y una nota en la que establece que \"en nuestro af\u00e1n de informar y dar a conocer las noticias tal y como suceden,<\/span><span style=\"-webkit-text-size-adjust: auto; background-color: rgba(255, 255, 255, 0);\">&nbsp;<\/span><a href=\"x-apple-data-detectors:\/\/2\" x-apple-data-detectors=\"true\" x-apple-data-detectors-type=\"calendar-event\" x-apple-data-detectors-result=\"2\" style=\"-webkit-text-size-adjust: auto; background-color: rgba(255, 255, 255, 0);\">este jueves<\/a><span style=\"-webkit-text-size-adjust: auto; background-color: rgba(255, 255, 255, 0);\">&nbsp;<\/span><span style=\"-webkit-text-size-adjust: auto; background-color: rgba(255, 255, 255, 0);\">el equipo de Canal 6 sufri\u00f3 intento de agresi\u00f3n por parte de un polic\u00eda de tr\u00e1nsito en San Pedro Sula\". Al momento que el periodista le daba cobertura a un hecho sangriento donde perdi\u00f3 la vida una persona frente a la terminal de buses de esta ciudad, el elemento de seguridad se mostr\u00f3 prepotente e intent\u00f3 golpear al camar\u00f3grafo que manten\u00eda su c\u00e1mara encendida.<\/span><\/p>\n<p style=\"text-align: start;\"><span style=\"-webkit-text-size-adjust: auto; background-color: rgba(255, 255, 255, 0);\">Esta es la tercera agresi\u00f3n policial contra comunicadores en las \u00faltimas semanas mostrando una conducta inusual, pues la Polic\u00eda Preventiva, caracterizada por tener un mando vertical,&nbsp; siempre ha colaborado con la prensa.<\/span><span style=\"-webkit-text-size-adjust: auto; background-color: rgba(255, 255, 255, 0);\">&nbsp;<\/span><\/p>\n<p style=\"text-align: start;\"><span style=\"-webkit-text-size-adjust: auto; background-color: rgba(255, 255, 255, 0);\">Recientemente, el portavoz de la Polic\u00eda Nacional, sub comisionado Leonel Sauceda, anunci\u00f3 que polic\u00edas de Catacamas est\u00e1n en audiencias de descargo por una agresi\u00f3n contra 10 periodistas, as\u00ed que esta es un<\/span><span style=\"font-size: 12pt; color: rgb(0, 0, 0); font-family: Arial, Helvetica, sans-serif; -webkit-tap-highlight-color: rgba(26, 26, 26, 0.301961); -webkit-text-size-adjust: auto;\">a nueva investigaci\u00f3n que las polic\u00eda deber\u00eda realizar.<\/span><\/p>\n<p style=\"text-align: start;\"><span style=\"font-size: 12pt; color: rgb(0, 0, 0); font-family: Arial, Helvetica, sans-serif; -webkit-tap-highlight-color: rgba(26, 26, 26, 0.301961); -webkit-text-size-adjust: auto;\">La denuncia p\u00fablica la hizo Comit\u00e9 para la Libre Expresi\u00f3n (C-Libre).<\/span><\/p>\n<\/div>\n","protected":false},"excerpt":{"rendered":"<p>Un agente de la Polic\u00eda de Tr\u00e1nsito, agredi\u00f3 a un periodista y a su camar\u00f3grafo cuando transmit\u00edan en vivo el<\/p>\n","protected":false},"author":1,"featured_media":4606,"comment_status":"open","ping_status":"open","sticky":false,"template":"","format":"standard","meta":[],"categories":[34,13],"tags":[3,76,35],"_links":{"self":[{"href":"http:\/\/www.noticiashondurashn.com\/index.php?rest_route=\/wp\/v2\/posts\/4607"}],"collection":[{"href":"http:\/\/www.noticiashondurashn.com\/index.php?rest_route=\/wp\/v2\/posts"}],"about":[{"href":"http:\/\/www.noticiashondurashn.com\/index.php?rest_route=\/wp\/v2\/types\/post"}],"author":[{"embeddable":true,"href":"http:\/\/www.noticiashondurashn.com\/index.php?rest_route=\/wp\/v2\/users\/1"}],"replies":[{"embeddable":true,"href":"http:\/\/www.noticiashondurashn.com\/index.php?rest_route=%2Fwp%2Fv2%2Fcomments&post=4607"}],"version-history":[{"count":2,"href":"http:\/\/www.noticiashondurashn.com\/index.php?rest_route=\/wp\/v2\/posts\/4607\/revisions"}],"predecessor-version":[{"id":11745,"href":"http:\/\/www.noticiashondurashn.com\/index.php?rest_route=\/wp\/v2\/posts\/4607\/revisions\/11745"}],"wp:featuredmedia":[{"embeddable":true,"href":"http:\/\/www.noticiashondurashn.com\/index.php?rest_route=\/wp\/v2\/media\/4606"}],"wp:attachment":[{"href":"http:\/\/www.noticiashondurashn.com\/index.php?rest_route=%2Fwp%2Fv2%2Fmedia&parent=4607"}],"wp:term":[{"taxonomy":"category","embeddable":true,"href":"http:\/\/www.noticiashondurashn.com\/index.php?rest_route=%2Fwp%2Fv2%2Fcategories&post=4607"},{"taxonomy":"post_tag","embeddable":true,"href":"http:\/\/www.noticiashondurashn.com\/index.php?rest_route=%2Fwp%2Fv2%2Ftags&post=4607"}],"curies":[{"name":"wp","href":"https:\/\/api.w.org\/{rel}","templated":true}]}}