{"id":4474,"date":"2015-03-31T12:14:49","date_gmt":"2015-03-31T18:14:49","guid":{"rendered":"http:\/\/www.noticiashondurashn.com\/?p=4474"},"modified":"2015-03-31T12:14:49","modified_gmt":"2015-03-31T18:14:49","slug":"obispo-pide-no-ser-catolicos-solo-de-semana-santa","status":"publish","type":"post","link":"http:\/\/www.noticiashondurashn.com\/?p=4474","title":{"rendered":"Obispo pide no ser cat\u00f3licos solo de Semana Santa"},"content":{"rendered":"<p style=\"padding: 0px; margin: 15px 0px; width: 610px;\"><span style=\"line-height: normal; -webkit-text-size-adjust: auto; background-color: rgba(255, 255, 255, 0);\">El Obispo de San Pedro Sula (Honduras), Mons. \u00c1ngel Garachana, invit\u00f3 a los fieles a participar en la&nbsp;vida&nbsp;de la&nbsp;Iglesia&nbsp;y no solo ser cat\u00f3licos de&nbsp;Semana Santa; adem\u00e1s asegur\u00f3 que las v\u00edctimas de la violencia reciben fuerza de la fe e indic\u00f3 que conmemorar\u00e1 el lavatorio de pies en una c\u00e1rcel motivado por el ejemplo de Jes\u00fas.<\/span><\/p>\n<p style=\"padding: 0px; margin: 15px 0px; width: 610px;\"><span style=\"line-height: normal; -webkit-text-size-adjust: auto; background-color: rgba(255, 255, 255, 0);\">El Prelado se\u00f1al\u00f3 que estos d\u00edas \u201cmuchos cat\u00f3licos que quiz\u00e1s a lo largo de los a\u00f1os est\u00e1n m\u00e1s fr\u00edos se acercan\u201d. En ese sentido, dijo que \u201ctenemos que aprovechar para insistir que no sean solo cat\u00f3licos de Semana Santa, que sean cat\u00f3licos de todo el a\u00f1o\u201d.<\/span><\/p>\n<p style=\"padding: 0px; margin: 15px 0px; width: 610px;\"><span style=\"line-height: normal; -webkit-text-size-adjust: auto; background-color: rgba(255, 255, 255, 0);\">\u201cAl que llega no hay que rega\u00f1arlo, ni espantarlo, hay que decirle \u2018qu\u00e9 bien que has venido, incorp\u00f3rate a la comunidad\u2019. Los sacerdotes acogemos a todos en Semana Santa y les pedimos que participen m\u00e1s frecuentes\u201d, afirm\u00f3.<\/span><\/p>\n<p style=\"padding: 0px; margin: 15px 0px; width: 610px;\"><span style=\"line-height: normal; -webkit-text-size-adjust: auto; background-color: rgba(255, 255, 255, 0);\">Monse\u00f1or Garachana record\u00f3 que desde ni\u00f1o vive la Semana Santa como \u201cun tiempo muy especial\u201d y que ahora como Obispo, cuando est\u00e1 en el obispado, \u201ctengo mi meditaci\u00f3n, mi oraci\u00f3n personal\u201d. \u201cCuando voy con la gente en el Viacrucis, en la procesi\u00f3n, lo vivo por dentro, me siento unido \u00edntimamente a este pueblo. En Semana Santa expreso mi fe, renuevo mi fe y animo la fe de este pueblo\u201d, afirm\u00f3.<\/span><\/p>\n<p style=\"padding: 0px; margin: 15px 0px; width: 610px;\"><span style=\"line-height: normal; -webkit-text-size-adjust: auto; background-color: rgba(255, 255, 255, 0);\">El Obispo de San Pedro de Sula abord\u00f3 la problem\u00e1tica de la violencia. \u201cLa pregunta es \u00bfhasta qu\u00e9 punto se puede perder la fe, la&nbsp;<a href=\"http:\/\/www.aciprensa.com\/moral\/index.html\">moral<\/a>&nbsp;y la conciencia como para matar? El problema para m\u00ed est\u00e1 en los que matan. Las personas que sufren el efecto de la violencia me han dicho: \u2018Padre, lo que me da fuerza es la fe\u2019. Es un contraste\u201d, se\u00f1al\u00f3.<\/span><\/p>\n<p style=\"padding: 0px; margin: 15px 0px; width: 610px;\"><span style=\"line-height: normal; -webkit-text-size-adjust: auto; background-color: rgba(255, 255, 255, 0);\">Monse\u00f1or Garachana asegur\u00f3 que hay casos de personas que se han arrepentido de los cr\u00edmenes, \u201chan pedido perd\u00f3n a sus v\u00edctimas, les duele en el alma, han hecho penitencias y que quieren rehacer su vida\u201d, aunque tambi\u00e9n \u201chay otros que no han tenido ese cambio\u201d.<\/span><\/p>\n<p style=\"padding: 0px; margin: 15px 0px; width: 610px;\"><span style=\"line-height: normal; -webkit-text-size-adjust: auto; background-color: rgba(255, 255, 255, 0);\">\u201cPor parte de la iglesia lo que se tiene que hacer es el llamado, decirles que pueden cambiar, rehacer su vida. La posibilidad del cambio a nadie se le puede negar. Dios no niega el perd\u00f3n a nadie que se lo pide. Mientras vivimos podemos cambiar, la tarea de la iglesia es c\u00f3mo llegar a estas personas, c\u00f3mo decirles que pueden cambiar\u201d, afirm\u00f3.<\/span><\/p>\n<p style=\"padding: 0px; margin: 15px 0px; width: 610px;\"><span style=\"line-height: normal; -webkit-text-size-adjust: auto; background-color: rgba(255, 255, 255, 0);\">En ese sentido, destac\u00f3 que celebrar\u00e1 el lavatorio de pies en el Centro Penal Sampedrano motivado por \u201cel ejemplo de Jes\u00fas. En tiempos de Jes\u00fas los sirvientes lavaban los pies a los hu\u00e9spedes. Jes\u00fas se hizo un siervo y si \u00e9l lo hizo yo tengo que hacer algo semejante. Lavar los pies en la Catedral est\u00e1 bien, es un gesto de humildad, pero los m\u00e1s rechazados, excluidos y condenados son los privados de libertad\u201d.<\/span><\/p>\n<p style=\"padding: 0px; margin: 15px 0px; width: 610px;\"><span style=\"line-height: normal; -webkit-text-size-adjust: auto; background-color: rgba(255, 255, 255, 0);\">\u201cLa sociedad los desprecia en general, entonces un gesto como el de Jes\u00fas es ese, acercarme a los que son despreciados y decirles; ustedes valen, son hijos de Dios, pueden rehacer su vida. Como Jes\u00fas les lav\u00f3 lo pies y se los bes\u00f3\u201d.<\/span><\/p>\n<p style=\"padding: 0px; margin: 15px 0px; width: 610px;\"><span style=\"line-height: normal; -webkit-text-size-adjust: auto; background-color: rgba(255, 255, 255, 0);\">Por ello, exhort\u00f3 a los delincuentes a acoger la semilla del mensaje de Jes\u00fas, que \u201cno la desprecien\u201d. \u201cNo se van a arrepentir de ser buenos, Dios no abandona a los que le aman de coraz\u00f3n y a los que aman tambi\u00e9n al pr\u00f3jimo\u201d, asegur\u00f3.<\/span><\/p>\n","protected":false},"excerpt":{"rendered":"<p>El Obispo de San Pedro Sula (Honduras), Mons. \u00c1ngel Garachana, invit\u00f3 a los fieles a participar en la&nbsp;vida&nbsp;de la&nbsp;Iglesia&nbsp;y no<\/p>\n","protected":false},"author":1,"featured_media":4473,"comment_status":"open","ping_status":"open","sticky":false,"template":"","format":"standard","meta":[],"categories":[13],"tags":[69],"_links":{"self":[{"href":"http:\/\/www.noticiashondurashn.com\/index.php?rest_route=\/wp\/v2\/posts\/4474"}],"collection":[{"href":"http:\/\/www.noticiashondurashn.com\/index.php?rest_route=\/wp\/v2\/posts"}],"about":[{"href":"http:\/\/www.noticiashondurashn.com\/index.php?rest_route=\/wp\/v2\/types\/post"}],"author":[{"embeddable":true,"href":"http:\/\/www.noticiashondurashn.com\/index.php?rest_route=\/wp\/v2\/users\/1"}],"replies":[{"embeddable":true,"href":"http:\/\/www.noticiashondurashn.com\/index.php?rest_route=%2Fwp%2Fv2%2Fcomments&post=4474"}],"version-history":[{"count":1,"href":"http:\/\/www.noticiashondurashn.com\/index.php?rest_route=\/wp\/v2\/posts\/4474\/revisions"}],"predecessor-version":[{"id":4475,"href":"http:\/\/www.noticiashondurashn.com\/index.php?rest_route=\/wp\/v2\/posts\/4474\/revisions\/4475"}],"wp:featuredmedia":[{"embeddable":true,"href":"http:\/\/www.noticiashondurashn.com\/index.php?rest_route=\/wp\/v2\/media\/4473"}],"wp:attachment":[{"href":"http:\/\/www.noticiashondurashn.com\/index.php?rest_route=%2Fwp%2Fv2%2Fmedia&parent=4474"}],"wp:term":[{"taxonomy":"category","embeddable":true,"href":"http:\/\/www.noticiashondurashn.com\/index.php?rest_route=%2Fwp%2Fv2%2Fcategories&post=4474"},{"taxonomy":"post_tag","embeddable":true,"href":"http:\/\/www.noticiashondurashn.com\/index.php?rest_route=%2Fwp%2Fv2%2Ftags&post=4474"}],"curies":[{"name":"wp","href":"https:\/\/api.w.org\/{rel}","templated":true}]}}