{"id":4420,"date":"2015-03-26T21:08:59","date_gmt":"2015-03-27T03:08:59","guid":{"rendered":"http:\/\/www.noticiashondurashn.com\/?p=4420"},"modified":"2015-03-26T21:08:59","modified_gmt":"2015-03-27T03:08:59","slug":"unicef-pide-investigar-crimenes-de-estudiantes","status":"publish","type":"post","link":"http:\/\/www.noticiashondurashn.com\/?p=4420","title":{"rendered":"UNICEF pide investigar cr\u00edmenes de estudiantes\u00a0"},"content":{"rendered":"<p><span style=\"-webkit-text-size-adjust: auto; background-color: rgba(255, 255, 255, 0);\">El Fondo de las Naciones Unidas para la Infancia (UNICEF), lament\u00f3 profundamente la situaci\u00f3n de violencia general del pa\u00eds, que afecta especialmente y de diferentes maneras, la vida de ni\u00f1os y adolescentes.&nbsp;<\/span><\/p>\n<p><span style=\"-webkit-text-size-adjust: auto; background-color: rgba(255, 255, 255, 0);\">\"Las recientes muertes de estudiantes causan un profundo dolor, porque se truncan vidas de adolescentes que est\u00e1n esforz\u00e1ndose por construir un mejor futuro para ellos y sus familias\", manifiesta el comunicado del organismo de la ONU.&nbsp;<\/span><\/p>\n<p><span style=\"-webkit-text-size-adjust: auto; background-color: rgba(255, 255, 255, 0);\">Agrega que la muerte de cualquier ni\u00f1o o adolescente debe ser inaceptable para la sociedad hondure\u00f1a, por lo que es indispensable que se investiguen estas muertes violentas, que se identifiquen a los responsables y se apliquen las leyes que correspondan, con toda la severidad del caso.<\/span><\/p>\n<p><span style=\"-webkit-text-size-adjust: auto; background-color: rgba(255, 255, 255, 0);\">UNICEF hizo un llamado al Gobierno, a las autoridades educativas y de seguridad, a los padres de familia, estudiantes y sociedad en general para que la prioridad sean los ni\u00f1os.<\/p>\n<p><\/span><\/p>\n<p><span style=\"-webkit-text-size-adjust: auto; background-color: rgba(255, 255, 255, 0);\">A los medios de comunicaci\u00f3n y l\u00edderes de opini\u00f3n UNICEF recomienda generar un entorno propicio y conciencia de protecci\u00f3n de derechos de la ni\u00f1ez; y la sociedad en general a tener tolerancia \u201ccero\u201d contra cualquier abuso, negligencias y manipulaci\u00f3n que se haga de las y los ni\u00f1os.<\/span><\/p>\n<p><span style=\"-webkit-text-size-adjust: auto; background-color: rgba(255, 255, 255, 0);\">Llama a que los esfuerzos del pa\u00eds deben estar enfocados en resolver los problemas de fondo del sistema educativo nacional, tales como la calidad de la ense\u00f1anza, la falta de permanencia en la escuela, la repitencia, el dif\u00edcil acceso en zonas rurales, infraestructura adecuada, docentes calificados y la reducci\u00f3n de la exclusi\u00f3n escolar por diferentes causas.<\/p>\n<p>UNICEF plantea que es&nbsp;obligaci\u00f3n del Estado promover, impulsar y crear todas las oportunidades necesarias para que los ni\u00f1os y adolescentes completen su educaci\u00f3n en condiciones de protecci\u00f3n, por tanto las respuestas al conflicto educativo deben identificarse sin limitar el derecho de los ni\u00f1os y adolescentes a expresarse, a asociarse y a ser escuchados en las situaciones que les afectan.<br \/>Tambi\u00e9n exhorta a los padres de familia a asumir la responsabilidad y el derecho que tienen para participar en los procesos educativos de sus hijos; incluyendo la b\u00fasqueda, identificaci\u00f3n y la aplicaci\u00f3n de soluciones al actual conflicto educativo.<\/p>\n<p>La actual situaci\u00f3n educativa, afirma el comunicado, debe ser resuelta de inmediato por las instancias correspondientes, a fin de salvaguardar la integridad y la vida de los educandos; procurando en el m\u00e1s corto plazo, el retorno a la normalidad de la vida educativa.<\/p>\n<p>Finalmente afirma que la educaci\u00f3n es un derecho humano con un inmenso poder de transformaci\u00f3n. En sus cimientos descansan los pilares de la libertad, la democracia y el desarrollo. Cuando se garantiza el derecho a la educaci\u00f3n, los ni\u00f1os y las ni\u00f1as ganan y por tanto, Honduras gana.<\/span><\/p>\n","protected":false},"excerpt":{"rendered":"<p>El Fondo de las Naciones Unidas para la Infancia (UNICEF), lament\u00f3 profundamente la situaci\u00f3n de violencia general del pa\u00eds, que<\/p>\n","protected":false},"author":1,"featured_media":4419,"comment_status":"open","ping_status":"open","sticky":false,"template":"","format":"standard","meta":[],"categories":[13],"tags":[87],"_links":{"self":[{"href":"http:\/\/www.noticiashondurashn.com\/index.php?rest_route=\/wp\/v2\/posts\/4420"}],"collection":[{"href":"http:\/\/www.noticiashondurashn.com\/index.php?rest_route=\/wp\/v2\/posts"}],"about":[{"href":"http:\/\/www.noticiashondurashn.com\/index.php?rest_route=\/wp\/v2\/types\/post"}],"author":[{"embeddable":true,"href":"http:\/\/www.noticiashondurashn.com\/index.php?rest_route=\/wp\/v2\/users\/1"}],"replies":[{"embeddable":true,"href":"http:\/\/www.noticiashondurashn.com\/index.php?rest_route=%2Fwp%2Fv2%2Fcomments&post=4420"}],"version-history":[{"count":1,"href":"http:\/\/www.noticiashondurashn.com\/index.php?rest_route=\/wp\/v2\/posts\/4420\/revisions"}],"predecessor-version":[{"id":4421,"href":"http:\/\/www.noticiashondurashn.com\/index.php?rest_route=\/wp\/v2\/posts\/4420\/revisions\/4421"}],"wp:featuredmedia":[{"embeddable":true,"href":"http:\/\/www.noticiashondurashn.com\/index.php?rest_route=\/wp\/v2\/media\/4419"}],"wp:attachment":[{"href":"http:\/\/www.noticiashondurashn.com\/index.php?rest_route=%2Fwp%2Fv2%2Fmedia&parent=4420"}],"wp:term":[{"taxonomy":"category","embeddable":true,"href":"http:\/\/www.noticiashondurashn.com\/index.php?rest_route=%2Fwp%2Fv2%2Fcategories&post=4420"},{"taxonomy":"post_tag","embeddable":true,"href":"http:\/\/www.noticiashondurashn.com\/index.php?rest_route=%2Fwp%2Fv2%2Ftags&post=4420"}],"curies":[{"name":"wp","href":"https:\/\/api.w.org\/{rel}","templated":true}]}}