{"id":3835,"date":"2015-02-13T21:14:05","date_gmt":"2015-02-14T03:14:05","guid":{"rendered":"http:\/\/www.noticiashondurashn.com\/?p=3835"},"modified":"2015-02-13T21:18:26","modified_gmt":"2015-02-14T03:18:26","slug":"presidente-de-honduras-amenaza-medios-de-comunicacion-hondurenos","status":"publish","type":"post","link":"http:\/\/www.noticiashondurashn.com\/?p=3835","title":{"rendered":"Presidente de Honduras amenaza a medios de comunicaci\u00f3n sino difunden campa\u00f1a"},"content":{"rendered":"<p>El presidente de Honduras, Juan Orlando Hern\u00e1ndez, manifest\u00f3 que una campa\u00f1a gubernamental en pro de la ni\u00f1ez debe ser difundida por todos los medios de comunicaci\u00f3n de Honduras, de lo contrario analizar\u00e1n qu\u00e9 hacer porque el Estado da las licencias de servicios de telecomunicaciones.<\/p>\n<p>Las declaraciones de Hern\u00e1ndez trascendieron el 11 de febrero pasado en el lanzamiento del Programa Retorno a la Alegr\u00eda y Estrategia de Comunicaci\u00f3n de Ni\u00f1ez Migrante. Este programa es apoyado en Honduras por el Fondo de las Naciones Unidas para la Infancia (Unicef) (http:\/\/www.presidencia.gob.hn\/?p=3971).<\/p>\n<p>\"Tito como estuvo en Conatel (se refiere a Ricardo Cardona, ex presidente de Comisi\u00f3n Nacional de Telecomunicaciones) debe de identificarnos qu\u00e9 vamos a hacer si de repente en la conciencia de alg\u00fan medio de comunicaci\u00f3n no est\u00e1 el acompa\u00f1ar esta campa\u00f1a. Tenemos que buscar alguna ruta en el sentido de que como son licencias que el Estado da. El Estado ahora necesita este espacio, para ver de qu\u00e9 manera podemos hacer nosotros ah\u00ed, pero s\u00ed, necesitamos que esto sea masivo\".<\/p>\n<p>\"Estoy seguro que la gran mayor\u00eda de los medios se van a sumar a esta campa\u00f1a\", afirm\u00f3.<\/p>\n<p>En relaci\u00f3n con las declaraciones del mandatario, el director ejecutivo de C-Libre, H\u00e9ctor Becerra, declar\u00f3 a la prensa nacional que el gobierno no puede obligar a ning\u00fan medio de comunicaci\u00f3n a difundir mensajes oficiales, \"salvo que los medios por su propia voluntad, despu\u00e9s de analizar la calidad del mensaje, decidan acompa\u00f1ar una campa\u00f1a de tal naturaleza\".<\/p>\n<p>Sobre el mismo tema, la Convenci\u00f3n Sobre los Derechos del Ni\u00f1o, en el art\u00edculo 17, inciso a, cita que los Estados Partes alentar\u00e1n a los medios de comunicaci\u00f3n a difundir informaci\u00f3n y materiales de inter\u00e9s social y cultural para el ni\u00f1o, de conformidad con el esp\u00edritu del art\u00edculo 29.<\/p>\n<p>Asimismo, el art\u00edculo 50 del C\u00f3digo de la Ni\u00f1ez y la Adolescencia, inciso a, estipula que el Estado requerir\u00e1 a los medios de comunicaci\u00f3n social la difusi\u00f3n de informaciones y materiales de inter\u00e9s social y cultural dirigidos a la ni\u00f1ez.<\/p>\n<p>En relaci\u00f3n con que las frecuencias las otorga el Estado, la Declaraci\u00f3n de Principios sobre Libertad de Expresi\u00f3n manda que el otorgamiento de frecuencias de radio y televisi\u00f3n, entre otros, con el objetivo de presionar y castigar o premiar y privilegiar a los comunicadores sociales y a los medios de comunicaci\u00f3n en funci\u00f3n de sus l\u00edneas informativas, atenta contra la libertad de expresi\u00f3n y deben estar expresamente prohibidos por la ley. (C-Libre).<figure id=\"attachment_3569\" aria-describedby=\"caption-attachment-3569\" style=\"width: 300px\" class=\"wp-caption alignnone\"><a href=\"http:\/\/www.noticiashondurashn.com\/wp-content\/uploads\/2015\/01\/IMG_5845.jpg\"><img decoding=\"async\" loading=\"lazy\" src=\"http:\/\/www.noticiashondurashn.com\/wp-content\/uploads\/2015\/01\/IMG_5845-300x168.jpg\" alt=\"Juan Orlando Hern\u00e1ndez \" width=\"300\" height=\"168\" class=\"size-medium wp-image-3569\" srcset=\"http:\/\/www.noticiashondurashn.com\/wp-content\/uploads\/2015\/01\/IMG_5845-300x168.jpg 300w, http:\/\/www.noticiashondurashn.com\/wp-content\/uploads\/2015\/01\/IMG_5845.jpg 956w\" sizes=\"(max-width: 300px) 100vw, 300px\" \/><\/a><figcaption id=\"caption-attachment-3569\" class=\"wp-caption-text\">Juan Orlando Hern\u00e1ndez<\/figcaption><\/figure>\n","protected":false},"excerpt":{"rendered":"<p>El presidente de Honduras, Juan Orlando Hern\u00e1ndez, manifest\u00f3 que una campa\u00f1a gubernamental en pro de la ni\u00f1ez debe ser difundida<\/p>\n","protected":false},"author":1,"featured_media":3569,"comment_status":"open","ping_status":"open","sticky":false,"template":"","format":"standard","meta":[],"categories":[34,13],"tags":[76,35],"_links":{"self":[{"href":"http:\/\/www.noticiashondurashn.com\/index.php?rest_route=\/wp\/v2\/posts\/3835"}],"collection":[{"href":"http:\/\/www.noticiashondurashn.com\/index.php?rest_route=\/wp\/v2\/posts"}],"about":[{"href":"http:\/\/www.noticiashondurashn.com\/index.php?rest_route=\/wp\/v2\/types\/post"}],"author":[{"embeddable":true,"href":"http:\/\/www.noticiashondurashn.com\/index.php?rest_route=\/wp\/v2\/users\/1"}],"replies":[{"embeddable":true,"href":"http:\/\/www.noticiashondurashn.com\/index.php?rest_route=%2Fwp%2Fv2%2Fcomments&post=3835"}],"version-history":[{"count":3,"href":"http:\/\/www.noticiashondurashn.com\/index.php?rest_route=\/wp\/v2\/posts\/3835\/revisions"}],"predecessor-version":[{"id":3838,"href":"http:\/\/www.noticiashondurashn.com\/index.php?rest_route=\/wp\/v2\/posts\/3835\/revisions\/3838"}],"wp:featuredmedia":[{"embeddable":true,"href":"http:\/\/www.noticiashondurashn.com\/index.php?rest_route=\/wp\/v2\/media\/3569"}],"wp:attachment":[{"href":"http:\/\/www.noticiashondurashn.com\/index.php?rest_route=%2Fwp%2Fv2%2Fmedia&parent=3835"}],"wp:term":[{"taxonomy":"category","embeddable":true,"href":"http:\/\/www.noticiashondurashn.com\/index.php?rest_route=%2Fwp%2Fv2%2Fcategories&post=3835"},{"taxonomy":"post_tag","embeddable":true,"href":"http:\/\/www.noticiashondurashn.com\/index.php?rest_route=%2Fwp%2Fv2%2Ftags&post=3835"}],"curies":[{"name":"wp","href":"https:\/\/api.w.org\/{rel}","templated":true}]}}