{"id":3217,"date":"2014-12-30T06:54:20","date_gmt":"2014-12-30T12:54:20","guid":{"rendered":"http:\/\/www.noticiashondurashn.com\/?p=3217"},"modified":"2014-12-30T06:54:20","modified_gmt":"2014-12-30T12:54:20","slug":"nasralla-denuncia-ante-la-cidh-violacion-constitucional-con-pretendida-reeleccion","status":"publish","type":"post","link":"http:\/\/www.noticiashondurashn.com\/?p=3217","title":{"rendered":"Nasralla denuncia ante la CIDH violaci\u00f3n constitucional con pretendida reelecci\u00f3n"},"content":{"rendered":"<p>Una nueva denuncia fue interpuesta ante la Corte Interamericana de Derechos Humanos (CIDH), esta vez por la pretendida reelecci\u00f3n o continuismo del actual presidente Juan Orlando Hern\u00e1ndez.<br \/>\nLa denuncia fue formulada por el presidente del Partido Anticorrupci\u00f3n (PAC), Salvador Nasralla por las acciones reeleccionistas del actual presidente y su ingerencia en los otros poderes del Estado.<br \/>\nEl excandidato presidencial dirigi\u00f3 la carta a la CIDH con fecha 15 de diciembre de 2014 en la que se\u00f1ala que hay actuaciones del actual gobierno que deben ser observadas y corregidas, de lo contrario, el pa\u00eds seguir\u00e1 hundi\u00e9ndose en la corrupci\u00f3n, la criminalidad y la pobreza cada vez m\u00e1s.<br \/>\nNasralla pide que estos temas sean incluidos en el informe que la CIDH presentar\u00e1 ante el Consejo Permanente y la Asamblea General de la OEA, tras la reciente visita que hicieron representantes de ese organismo al pa\u00eds.<br \/>\nEn su carta, Nasralla aduce que el problema principal y g\u00e9nesis de muchas violaciones a los Derechos Humanos en Honduras es la eminente carrera del actual Presidente de la Rep\u00fablica en promover la reelecci\u00f3n presidencial, lo cual es inconstitucional, y su promoci\u00f3n tiene aparejadas sanciones expl\u00edcitas.<\/p>\n<p><a href=\"http:\/\/www.noticiashondurashn.com\/wp-content\/uploads\/2014\/12\/IMG_4784.jpg\"><img decoding=\"async\" src=\"http:\/\/www.noticiashondurashn.com\/wp-content\/uploads\/2014\/12\/IMG_4784.jpg\" alt=\"IMG_4784.JPG\" class=\"alignnone size-full\" \/><\/a><\/p>\n","protected":false},"excerpt":{"rendered":"<p>Una nueva denuncia fue interpuesta ante la Corte Interamericana de Derechos Humanos (CIDH), esta vez por la pretendida reelecci\u00f3n o<\/p>\n","protected":false},"author":1,"featured_media":3216,"comment_status":"open","ping_status":"open","sticky":false,"template":"","format":"standard","meta":[],"categories":[13],"tags":[16,63],"_links":{"self":[{"href":"http:\/\/www.noticiashondurashn.com\/index.php?rest_route=\/wp\/v2\/posts\/3217"}],"collection":[{"href":"http:\/\/www.noticiashondurashn.com\/index.php?rest_route=\/wp\/v2\/posts"}],"about":[{"href":"http:\/\/www.noticiashondurashn.com\/index.php?rest_route=\/wp\/v2\/types\/post"}],"author":[{"embeddable":true,"href":"http:\/\/www.noticiashondurashn.com\/index.php?rest_route=\/wp\/v2\/users\/1"}],"replies":[{"embeddable":true,"href":"http:\/\/www.noticiashondurashn.com\/index.php?rest_route=%2Fwp%2Fv2%2Fcomments&post=3217"}],"version-history":[{"count":1,"href":"http:\/\/www.noticiashondurashn.com\/index.php?rest_route=\/wp\/v2\/posts\/3217\/revisions"}],"predecessor-version":[{"id":3218,"href":"http:\/\/www.noticiashondurashn.com\/index.php?rest_route=\/wp\/v2\/posts\/3217\/revisions\/3218"}],"wp:featuredmedia":[{"embeddable":true,"href":"http:\/\/www.noticiashondurashn.com\/index.php?rest_route=\/wp\/v2\/media\/3216"}],"wp:attachment":[{"href":"http:\/\/www.noticiashondurashn.com\/index.php?rest_route=%2Fwp%2Fv2%2Fmedia&parent=3217"}],"wp:term":[{"taxonomy":"category","embeddable":true,"href":"http:\/\/www.noticiashondurashn.com\/index.php?rest_route=%2Fwp%2Fv2%2Fcategories&post=3217"},{"taxonomy":"post_tag","embeddable":true,"href":"http:\/\/www.noticiashondurashn.com\/index.php?rest_route=%2Fwp%2Fv2%2Ftags&post=3217"}],"curies":[{"name":"wp","href":"https:\/\/api.w.org\/{rel}","templated":true}]}}