{"id":2933,"date":"2014-12-10T22:59:35","date_gmt":"2014-12-11T04:59:35","guid":{"rendered":"http:\/\/www.noticiashondurashn.com\/?p=2933"},"modified":"2014-12-10T22:59:35","modified_gmt":"2014-12-11T04:59:35","slug":"con-cero-incidentes-cierra-feria-de-cucuyagua","status":"publish","type":"post","link":"http:\/\/www.noticiashondurashn.com\/?p=2933","title":{"rendered":"Con cero incidentes cierra feria de Cucuyagua"},"content":{"rendered":"<p>Con la coronaci\u00f3n de la reina, Elena Melissa se culmin\u00f3 la celebraci\u00f3n de la feria patronal del pintoresco municipio del occidente de Honduras, Cucuyagua, Cop\u00e1n.<br \/>\nLa reina recibi\u00f3 su corona por parte del presidente del Comite de la Feria patronal Elmer Romero y del alcalde municipal Adalid Javier L\u00f3pez  quien manifest\u00f3 que esta feria  ha sido de otra manera, ya que no se ha registrado hechos violentos como en otros a\u00f1os.<br \/>\nLa reina de la feria particip\u00f3 en el desfile de caballos por las principales calles de la ciudad y que fue calorizada por jinetes que montaron briosos corceles que hicieron sus peripecias, durante el recorrido.<br \/>\nEn su discurso, exhort\u00f3 a los j\u00f3venes a seguir luchando por sus objetivos que sean de provecho de la sociedad y que no se dejen llevar por aquello que da\u00f1a a la juventud, pero que tambi\u00e9n da\u00f1a la imagen de un pueblo o de un pa\u00eds.<br \/>\nEl alcalde, por su parte agradeci\u00f3 al Comit\u00e9 de la Feria porque en coordinaci\u00f3n con la alcald\u00eda se logr\u00f3 una bonita celebraci\u00f3n que fue aplaudida por el pueblo y los visitantes. (Jos\u00e9 Alem\u00e1n).<br \/>\n<a href=\"http:\/\/www.noticiashondurashn.com\/wp-content\/uploads\/2014\/12\/IMG_3378.jpg\"><img decoding=\"async\" src=\"http:\/\/www.noticiashondurashn.com\/wp-content\/uploads\/2014\/12\/IMG_3378.jpg\" alt=\"IMG_3378.JPG\" class=\"alignnone size-full\" \/><\/a><\/p>\n","protected":false},"excerpt":{"rendered":"<p>Con la coronaci\u00f3n de la reina, Elena Melissa se culmin\u00f3 la celebraci\u00f3n de la feria patronal del pintoresco municipio del<\/p>\n","protected":false},"author":1,"featured_media":0,"comment_status":"open","ping_status":"open","sticky":false,"template":"","format":"standard","meta":[],"categories":[58],"tags":[59],"_links":{"self":[{"href":"http:\/\/www.noticiashondurashn.com\/index.php?rest_route=\/wp\/v2\/posts\/2933"}],"collection":[{"href":"http:\/\/www.noticiashondurashn.com\/index.php?rest_route=\/wp\/v2\/posts"}],"about":[{"href":"http:\/\/www.noticiashondurashn.com\/index.php?rest_route=\/wp\/v2\/types\/post"}],"author":[{"embeddable":true,"href":"http:\/\/www.noticiashondurashn.com\/index.php?rest_route=\/wp\/v2\/users\/1"}],"replies":[{"embeddable":true,"href":"http:\/\/www.noticiashondurashn.com\/index.php?rest_route=%2Fwp%2Fv2%2Fcomments&post=2933"}],"version-history":[{"count":1,"href":"http:\/\/www.noticiashondurashn.com\/index.php?rest_route=\/wp\/v2\/posts\/2933\/revisions"}],"predecessor-version":[{"id":2934,"href":"http:\/\/www.noticiashondurashn.com\/index.php?rest_route=\/wp\/v2\/posts\/2933\/revisions\/2934"}],"wp:attachment":[{"href":"http:\/\/www.noticiashondurashn.com\/index.php?rest_route=%2Fwp%2Fv2%2Fmedia&parent=2933"}],"wp:term":[{"taxonomy":"category","embeddable":true,"href":"http:\/\/www.noticiashondurashn.com\/index.php?rest_route=%2Fwp%2Fv2%2Fcategories&post=2933"},{"taxonomy":"post_tag","embeddable":true,"href":"http:\/\/www.noticiashondurashn.com\/index.php?rest_route=%2Fwp%2Fv2%2Ftags&post=2933"}],"curies":[{"name":"wp","href":"https:\/\/api.w.org\/{rel}","templated":true}]}}