{"id":20261,"date":"2026-04-26T18:42:10","date_gmt":"2026-04-27T00:42:10","guid":{"rendered":"https:\/\/www.noticiashondurashn.com\/?p=20261"},"modified":"2026-04-26T19:17:38","modified_gmt":"2026-04-27T01:17:38","slug":"joven-que-denuncio-agresiones-de-la-policia-es-asesinado","status":"publish","type":"post","link":"http:\/\/www.noticiashondurashn.com\/?p=20261","title":{"rendered":"Joven que denunci\u00f3 agresiones de la polic\u00eda es asesinado"},"content":{"rendered":"\n<p><\/p>\n\n\n\n<p>Un joven que el pasado 15 de abril denunci\u00f3 p\u00fablicamente haber sido v\u00edctima de una golpiza por parte de agentes de la Polic\u00eda Nacional de Honduras fue encontrado muerto en la aldea La Acequia, Santa B\u00e1rbara.<\/p>\n\n\n\n<p>En su testimonio previo, el joven asegur\u00f3 a un canal de televisi\u00f3n, haber sido sometido a tratos crueles y degradantes mientras permanec\u00eda bajo custodia policial. La denuncia gener\u00f3 preocupaci\u00f3n entre defensores de derechos humanos.<\/p>\n\n\n\n<p>Hasta el momento, las autoridades no han brindado detalles oficiales sobre las circunstancias del fallecimiento ni han confirmado si existe alguna relaci\u00f3n entre la denuncia previa y este hecho.<\/p>\n\n\n\n<p>El caso ha despertado cuestionamientos en la poblaci\u00f3n, que exige una investigaci\u00f3n transparente para esclarecer lo ocurrido y determinar si hay responsabilidad de terceros.<\/p>\n\n\n\n<p>La v\u00edctima fue identificada como Edgardo D\u00edaz (23), quien fue asesinado por sujetos que vest\u00edan indumentaria de la<strong class=\"Yjhzub\"><mark class=\"HxTRcb\"> Direcci\u00f3n Policial Anti Maras y Pandillas Contra el Crimen Organizado<\/mark>&nbsp;(Dipampco<\/strong>) y se conduc\u00edan en un pickup, color blanco L200, seg\u00fan testigos.<\/p>\n\n\n\n<p>\u00bfOperaci\u00f3n silencio?<\/p>\n\n\n\n<p>D\u00edaz ya hab\u00eda denunciado torturas, secuestro e intento de violaci\u00f3n en la posta de Cofrad\u00eda, Cort\u00e9s el pasado 15 de abril \"que intentaron meterle un palo con preservativo por el trasero\", mientras estaba capturado en la posta policial.<\/p>\n\n\n\n<p>Tras el crimen ayer s\u00e1bado, familiares siguieron a los supuestos hechores hasta llegar a las oficinas en San Pedro Sula, vinculadas a la Fuerza Naval.<\/p>\n\n\n\n<p>Los vecinos afirman que tienen fotos, donde aparece el veh\u00edculo en cuesti\u00f3n y tienen los nombres de quienes andaban en dicha unidad.<\/p>\n\n\n\n<p>Hasta ahora las autoridades policiales no se ha referido al caso.<\/p>\n","protected":false},"excerpt":{"rendered":"<p>Un joven que el pasado 15 de abril denunci\u00f3 p\u00fablicamente haber sido v\u00edctima de una golpiza por parte de agentes<\/p>\n","protected":false},"author":1,"featured_media":20260,"comment_status":"closed","ping_status":"open","sticky":false,"template":"","format":"standard","meta":[],"categories":[13,15],"tags":[78,70,8,3,71,115,10,77],"_links":{"self":[{"href":"http:\/\/www.noticiashondurashn.com\/index.php?rest_route=\/wp\/v2\/posts\/20261"}],"collection":[{"href":"http:\/\/www.noticiashondurashn.com\/index.php?rest_route=\/wp\/v2\/posts"}],"about":[{"href":"http:\/\/www.noticiashondurashn.com\/index.php?rest_route=\/wp\/v2\/types\/post"}],"author":[{"embeddable":true,"href":"http:\/\/www.noticiashondurashn.com\/index.php?rest_route=\/wp\/v2\/users\/1"}],"replies":[{"embeddable":true,"href":"http:\/\/www.noticiashondurashn.com\/index.php?rest_route=%2Fwp%2Fv2%2Fcomments&post=20261"}],"version-history":[{"count":3,"href":"http:\/\/www.noticiashondurashn.com\/index.php?rest_route=\/wp\/v2\/posts\/20261\/revisions"}],"predecessor-version":[{"id":20264,"href":"http:\/\/www.noticiashondurashn.com\/index.php?rest_route=\/wp\/v2\/posts\/20261\/revisions\/20264"}],"wp:featuredmedia":[{"embeddable":true,"href":"http:\/\/www.noticiashondurashn.com\/index.php?rest_route=\/wp\/v2\/media\/20260"}],"wp:attachment":[{"href":"http:\/\/www.noticiashondurashn.com\/index.php?rest_route=%2Fwp%2Fv2%2Fmedia&parent=20261"}],"wp:term":[{"taxonomy":"category","embeddable":true,"href":"http:\/\/www.noticiashondurashn.com\/index.php?rest_route=%2Fwp%2Fv2%2Fcategories&post=20261"},{"taxonomy":"post_tag","embeddable":true,"href":"http:\/\/www.noticiashondurashn.com\/index.php?rest_route=%2Fwp%2Fv2%2Ftags&post=20261"}],"curies":[{"name":"wp","href":"https:\/\/api.w.org\/{rel}","templated":true}]}}