{"id":20009,"date":"2026-03-04T18:23:04","date_gmt":"2026-03-05T00:23:04","guid":{"rendered":"https:\/\/www.noticiashondurashn.com\/?p=20009"},"modified":"2026-03-05T06:58:59","modified_gmt":"2026-03-05T12:58:59","slug":"protesta-de-microfonos-caidos-en-roatan","status":"publish","type":"post","link":"http:\/\/www.noticiashondurashn.com\/?p=20009","title":{"rendered":"Protesta de Micr\u00f3fonos Ca\u00eddos\u201d en Roat\u00e1n"},"content":{"rendered":"\n<p>El gremio period\u00edstico de Roat\u00e1n, Islas de la Bah\u00eda, alz\u00f3 su voz este d\u00eda con la protesta simb\u00f3lica denominada \u201cMicr\u00f3fonos Ca\u00eddos\u201d, en defensa de la libertad de expresi\u00f3n y de prensa.<\/p>\n\n\n\n<p>La acci\u00f3n surge ante amenazas, intimidaciones y presiones sistem\u00e1ticas que denuncian estar recibiendo por ejercer su labor informativa. <\/p>\n\n\n\n<figure class=\"wp-block-image size-large\"><img decoding=\"async\" loading=\"lazy\" width=\"650\" height=\"488\" src=\"https:\/\/www.noticiashondurashn.com\/wp-content\/uploads\/2026\/03\/img_4270-650x488.jpg\" alt=\"\" class=\"wp-image-20007\" srcset=\"http:\/\/www.noticiashondurashn.com\/wp-content\/uploads\/2026\/03\/img_4270-650x488.jpg 650w, http:\/\/www.noticiashondurashn.com\/wp-content\/uploads\/2026\/03\/img_4270-300x225.jpg 300w, http:\/\/www.noticiashondurashn.com\/wp-content\/uploads\/2026\/03\/img_4270-768x576.jpg 768w, http:\/\/www.noticiashondurashn.com\/wp-content\/uploads\/2026\/03\/img_4270.jpg 1500w\" sizes=\"(max-width: 650px) 100vw, 650px\" \/><\/figure>\n\n\n\n<p>Comunicadores locales y corresponsales aseguran que las agresiones provienen directamente de autoridades del nuevo gobierno y representantes de oficinas gubernamentales en la isla, lo que consideran un grave atentado contra el derecho a informar y ser informados.<\/p>\n\n\n\n<p>La vicepresidenta del Colegio de Periodistas de Honduras (CPH) se solidariz\u00f3 con los colegas y manifest\u00f3 que \u201cla libertad de expresi\u00f3n no es negociable. \u00c1nimo y hagamos trascender la denuncia\u201d.<\/p>\n","protected":false},"excerpt":{"rendered":"<p>El gremio period\u00edstico de Roat\u00e1n, Islas de la Bah\u00eda, alz\u00f3 su voz este d\u00eda con la protesta simb\u00f3lica denominada \u201cMicr\u00f3fonos<\/p>\n","protected":false},"author":1,"featured_media":20008,"comment_status":"closed","ping_status":"open","sticky":false,"template":"","format":"standard","meta":[],"categories":[34,13],"tags":[78,3,76,35,80],"_links":{"self":[{"href":"http:\/\/www.noticiashondurashn.com\/index.php?rest_route=\/wp\/v2\/posts\/20009"}],"collection":[{"href":"http:\/\/www.noticiashondurashn.com\/index.php?rest_route=\/wp\/v2\/posts"}],"about":[{"href":"http:\/\/www.noticiashondurashn.com\/index.php?rest_route=\/wp\/v2\/types\/post"}],"author":[{"embeddable":true,"href":"http:\/\/www.noticiashondurashn.com\/index.php?rest_route=\/wp\/v2\/users\/1"}],"replies":[{"embeddable":true,"href":"http:\/\/www.noticiashondurashn.com\/index.php?rest_route=%2Fwp%2Fv2%2Fcomments&post=20009"}],"version-history":[{"count":2,"href":"http:\/\/www.noticiashondurashn.com\/index.php?rest_route=\/wp\/v2\/posts\/20009\/revisions"}],"predecessor-version":[{"id":20011,"href":"http:\/\/www.noticiashondurashn.com\/index.php?rest_route=\/wp\/v2\/posts\/20009\/revisions\/20011"}],"wp:featuredmedia":[{"embeddable":true,"href":"http:\/\/www.noticiashondurashn.com\/index.php?rest_route=\/wp\/v2\/media\/20008"}],"wp:attachment":[{"href":"http:\/\/www.noticiashondurashn.com\/index.php?rest_route=%2Fwp%2Fv2%2Fmedia&parent=20009"}],"wp:term":[{"taxonomy":"category","embeddable":true,"href":"http:\/\/www.noticiashondurashn.com\/index.php?rest_route=%2Fwp%2Fv2%2Fcategories&post=20009"},{"taxonomy":"post_tag","embeddable":true,"href":"http:\/\/www.noticiashondurashn.com\/index.php?rest_route=%2Fwp%2Fv2%2Ftags&post=20009"}],"curies":[{"name":"wp","href":"https:\/\/api.w.org\/{rel}","templated":true}]}}