{"id":19805,"date":"2026-01-23T18:48:10","date_gmt":"2026-01-24T00:48:10","guid":{"rendered":"https:\/\/www.noticiashondurashn.com\/?p=19805"},"modified":"2026-01-23T18:48:10","modified_gmt":"2026-01-24T00:48:10","slug":"nuevo-presidente-del-cn-promete-no-mas-ataques-ni-ofensas","status":"publish","type":"post","link":"http:\/\/www.noticiashondurashn.com\/?p=19805","title":{"rendered":"Nuevo presidente del CN promete no m\u00e1s ataques ni ofensas"},"content":{"rendered":"\n<h5 class=\"wp-block-heading\">Tom\u00e1s Zambrano, ejercer\u00e1 su cargo por un per\u00edodo de cuatro a\u00f1os, mientras que los vicepresidentes, secretarios y prosecretarios desempe\u00f1ar\u00e1n sus funciones por dos a\u00f1os, con la posibilidad de reelegirse.<\/h5>\n\n\n\n<p>El nuevo presidente del Congreso Nacional Tom\u00e1s Zambrano hizo un llamado a la cordura, el respeto y la responsabilidad pol\u00edtica, subrayando que el pa\u00eds demanda un Congreso enfocado en el di\u00e1logo y el trabajo.<\/p>\n\n\n\n<p>\u201cEl pueblo no quiere m\u00e1s ataques ni ofensas, ni peleas entre nosotros. Este Congreso debe darle el ejemplo a Honduras, porque representamos a m\u00e1s de 10 millones de hondure\u00f1os; la juventud y la ni\u00f1ez nos est\u00e1n viendo\u201d, expres\u00f3.<\/p>\n\n\n\n<p>Zambrano fue enf\u00e1tico al se\u00f1alar que la integraci\u00f3n de la Junta Directiva responde a un compromiso con la transparencia y la institucionalidad.<\/p>\n\n\n\n<p>\u201cEsta Junta Directiva no es una repartici\u00f3n de cargos, no es componendas ni tratos oscuros\u201d, afirm\u00f3.<\/p>\n\n\n\n<figure class=\"wp-block-image size-large\"><img decoding=\"async\" loading=\"lazy\" width=\"650\" height=\"364\" src=\"https:\/\/www.noticiashondurashn.com\/wp-content\/uploads\/2026\/01\/img_0934-650x364.jpg\" class=\"wp-image-19803\" srcset=\"http:\/\/www.noticiashondurashn.com\/wp-content\/uploads\/2026\/01\/img_0934-650x364.jpg 650w, http:\/\/www.noticiashondurashn.com\/wp-content\/uploads\/2026\/01\/img_0934-300x168.jpg 300w, http:\/\/www.noticiashondurashn.com\/wp-content\/uploads\/2026\/01\/img_0934-768x430.jpg 768w, http:\/\/www.noticiashondurashn.com\/wp-content\/uploads\/2026\/01\/img_0934.jpg 1500w\" sizes=\"(max-width: 650px) 100vw, 650px\" \/><\/figure>\n\n\n\n<p>Asimismo, anunci\u00f3 que este domingo 25 de enero se proceder\u00e1 al nombramiento de las distintas comisiones legislativas, dando inicio formal al trabajo parlamentario.<\/p>\n\n\n\n<p>El titular del Legislativo destac\u00f3 la responsabilidad hist\u00f3rica del Congreso Nacional en la estabilidad democr\u00e1tica del pa\u00eds. \u201cEste Congreso debe garantizar certidumbre para la vida democr\u00e1tica de Honduras de los pr\u00f3ximos cuatro y ocho a\u00f1os\u201d, puntualiz\u00f3.<\/p>\n\n\n\n<p><em>Un Congreso que genere certidumbre<\/em><\/p>\n\n\n\n<p>Por su parte, el secretario Carlos Ledezma asegur\u00f3 que este ser\u00e1 un Congreso activo desde el primer d\u00eda, comprometido a trabajar de manera permanente desde la instalaci\u00f3n de la primera legislatura el 25 de enero.<\/p>\n\n\n\n<p>Las nuevas autoridades coincidieron en que este Congreso Nacional s\u00ed trabajar\u00e1 en beneficio del pueblo hondure\u00f1o, priorizando la productividad legislativa, el consenso y los resultados para el pa\u00eds.<\/p>\n","protected":false},"excerpt":{"rendered":"<p>Tom\u00e1s Zambrano, ejercer\u00e1 su cargo por un per\u00edodo de cuatro a\u00f1os, mientras que los vicepresidentes, secretarios y prosecretarios desempe\u00f1ar\u00e1n sus<\/p>\n","protected":false},"author":1,"featured_media":19804,"comment_status":"closed","ping_status":"open","sticky":false,"template":"","format":"standard","meta":[],"categories":[123,13],"tags":[78,130,103,8,3,115],"_links":{"self":[{"href":"http:\/\/www.noticiashondurashn.com\/index.php?rest_route=\/wp\/v2\/posts\/19805"}],"collection":[{"href":"http:\/\/www.noticiashondurashn.com\/index.php?rest_route=\/wp\/v2\/posts"}],"about":[{"href":"http:\/\/www.noticiashondurashn.com\/index.php?rest_route=\/wp\/v2\/types\/post"}],"author":[{"embeddable":true,"href":"http:\/\/www.noticiashondurashn.com\/index.php?rest_route=\/wp\/v2\/users\/1"}],"replies":[{"embeddable":true,"href":"http:\/\/www.noticiashondurashn.com\/index.php?rest_route=%2Fwp%2Fv2%2Fcomments&post=19805"}],"version-history":[{"count":1,"href":"http:\/\/www.noticiashondurashn.com\/index.php?rest_route=\/wp\/v2\/posts\/19805\/revisions"}],"predecessor-version":[{"id":19806,"href":"http:\/\/www.noticiashondurashn.com\/index.php?rest_route=\/wp\/v2\/posts\/19805\/revisions\/19806"}],"wp:featuredmedia":[{"embeddable":true,"href":"http:\/\/www.noticiashondurashn.com\/index.php?rest_route=\/wp\/v2\/media\/19804"}],"wp:attachment":[{"href":"http:\/\/www.noticiashondurashn.com\/index.php?rest_route=%2Fwp%2Fv2%2Fmedia&parent=19805"}],"wp:term":[{"taxonomy":"category","embeddable":true,"href":"http:\/\/www.noticiashondurashn.com\/index.php?rest_route=%2Fwp%2Fv2%2Fcategories&post=19805"},{"taxonomy":"post_tag","embeddable":true,"href":"http:\/\/www.noticiashondurashn.com\/index.php?rest_route=%2Fwp%2Fv2%2Ftags&post=19805"}],"curies":[{"name":"wp","href":"https:\/\/api.w.org\/{rel}","templated":true}]}}