{"id":19580,"date":"2025-12-11T22:11:36","date_gmt":"2025-12-12T04:11:36","guid":{"rendered":"https:\/\/www.noticiashondurashn.com\/?p=19580"},"modified":"2025-12-11T22:12:24","modified_gmt":"2025-12-12T04:12:24","slug":"recurso-de-inconstitucionalidad-constitucionalidad-contra-instalacion-de-comision-permanente-del-congreso-nacional","status":"publish","type":"post","link":"http:\/\/www.noticiashondurashn.com\/?p=19580","title":{"rendered":"Recurso de inconstitucionalidad contra instalaci\u00f3n de Comisi\u00f3n Permanente del Congreso Nacional"},"content":{"rendered":"\n<p>Un recurso de inconstitucionalidad por acci\u00f3n contra la Resoluci\u00f3n 001-2025-CP\/CN, mediante la cual la Junta Directiva instal\u00f3 una Comisi\u00f3n Permanente del Congreso Nacional, fue interpuesta hoy por labs diputadas Merary D\u00edaz, Francis Arge\u00f1al y Mar\u00eda Antonieta Mej\u00eda.<\/p>\n\n\n\n<p>El recurso denuncia que la resoluci\u00f3n viola principios constitucionales, tiene vicios de forma y de contenido y no puede ser tratada como un simple acto administrativo.<\/p>\n\n\n\n<p>El escrito indica que se impuso una Comisi\u00f3n Permanente en el CN, de forma contraria de los principios y reglas constitucionales. <\/p>\n\n\n\n<figure class=\"wp-block-image size-large\"><img decoding=\"async\" loading=\"lazy\" width=\"650\" height=\"996\" src=\"https:\/\/www.noticiashondurashn.com\/wp-content\/uploads\/2025\/12\/img_3960-650x996.jpg\" alt=\"\" class=\"wp-image-19579\" srcset=\"http:\/\/www.noticiashondurashn.com\/wp-content\/uploads\/2025\/12\/img_3960-650x996.jpg 650w, http:\/\/www.noticiashondurashn.com\/wp-content\/uploads\/2025\/12\/img_3960-196x300.jpg 196w, http:\/\/www.noticiashondurashn.com\/wp-content\/uploads\/2025\/12\/img_3960-768x1177.jpg 768w, http:\/\/www.noticiashondurashn.com\/wp-content\/uploads\/2025\/12\/img_3960.jpg 900w\" sizes=\"(max-width: 650px) 100vw, 650px\" \/><\/figure>\n\n\n\n<p>Adem\u00e1s, solicitan a la Sala Constitucional de la Corte Suprema de Justicia que ejerza control de constitucionalidad y que emita medidas cautelares urgentes.<\/p>\n\n\n\n<p>Tambi\u00e9n se se\u00f1ala la omisi\u00f3n legislativa del Congreso al no haber discutido el Presupuesto General de 2026, afectando el funcionamiento democr\u00e1tico del Estado.<\/p>\n\n\n\n<p><\/p>\n","protected":false},"excerpt":{"rendered":"<p>Un recurso de inconstitucionalidad por acci\u00f3n contra la Resoluci\u00f3n 001-2025-CP\/CN, mediante la cual la Junta Directiva instal\u00f3 una Comisi\u00f3n Permanente<\/p>\n","protected":false},"author":1,"featured_media":19579,"comment_status":"closed","ping_status":"open","sticky":false,"template":"","format":"standard","meta":[],"categories":[123,13],"tags":[78,57,8,3,16,115],"_links":{"self":[{"href":"http:\/\/www.noticiashondurashn.com\/index.php?rest_route=\/wp\/v2\/posts\/19580"}],"collection":[{"href":"http:\/\/www.noticiashondurashn.com\/index.php?rest_route=\/wp\/v2\/posts"}],"about":[{"href":"http:\/\/www.noticiashondurashn.com\/index.php?rest_route=\/wp\/v2\/types\/post"}],"author":[{"embeddable":true,"href":"http:\/\/www.noticiashondurashn.com\/index.php?rest_route=\/wp\/v2\/users\/1"}],"replies":[{"embeddable":true,"href":"http:\/\/www.noticiashondurashn.com\/index.php?rest_route=%2Fwp%2Fv2%2Fcomments&post=19580"}],"version-history":[{"count":2,"href":"http:\/\/www.noticiashondurashn.com\/index.php?rest_route=\/wp\/v2\/posts\/19580\/revisions"}],"predecessor-version":[{"id":19582,"href":"http:\/\/www.noticiashondurashn.com\/index.php?rest_route=\/wp\/v2\/posts\/19580\/revisions\/19582"}],"wp:featuredmedia":[{"embeddable":true,"href":"http:\/\/www.noticiashondurashn.com\/index.php?rest_route=\/wp\/v2\/media\/19579"}],"wp:attachment":[{"href":"http:\/\/www.noticiashondurashn.com\/index.php?rest_route=%2Fwp%2Fv2%2Fmedia&parent=19580"}],"wp:term":[{"taxonomy":"category","embeddable":true,"href":"http:\/\/www.noticiashondurashn.com\/index.php?rest_route=%2Fwp%2Fv2%2Fcategories&post=19580"},{"taxonomy":"post_tag","embeddable":true,"href":"http:\/\/www.noticiashondurashn.com\/index.php?rest_route=%2Fwp%2Fv2%2Ftags&post=19580"}],"curies":[{"name":"wp","href":"https:\/\/api.w.org\/{rel}","templated":true}]}}