{"id":19405,"date":"2025-11-17T11:30:03","date_gmt":"2025-11-17T17:30:03","guid":{"rendered":"https:\/\/www.noticiashondurashn.com\/?p=19405"},"modified":"2025-11-17T11:30:48","modified_gmt":"2025-11-17T17:30:48","slug":"diputados-piden-a-redondo-convocar-inmediatamente-a-sesion","status":"publish","type":"post","link":"http:\/\/www.noticiashondurashn.com\/?p=19405","title":{"rendered":"Diputados piden a Redondo convocar inmediatamente a sesi\u00f3n"},"content":{"rendered":"\n<p>Un grupo de diputados del Congreso Nacional, solicit\u00f3 al presidente del Legislativo, Luis Redondo, convocar de manera inmediata a sesi\u00f3n ordinaria este martes 18 de noviembre.<\/p>\n\n\n\n<p>Los parlamentarios se\u00f1alan que desde el 27 de agosto, la Junta Directiva ha dejado de convocar a sesiones, afectando la representaci\u00f3n de los 128 diputados y contraviniendo la Constituci\u00f3n y la Ley Org\u00e1nica del Poder Legislativo.<\/p>\n\n\n\n<p>Denuncian que se ha instalado una Comisi\u00f3n Permanente de manera ilegal y que se han ignorado resoluciones previas del Pleno que prorrogaban el periodo de sesiones ordinarias.<\/p>\n\n\n\n<p>En su misiva, los diputados recuerdan que es obligaci\u00f3n del presidente del Congreso garantizar el cumplimiento de la ley, convocar a sesiones ordinarias los martes, mi\u00e9rcoles y jueves.<\/p>\n\n\n\n<figure class=\"wp-block-image size-large\"><img decoding=\"async\" loading=\"lazy\" width=\"650\" height=\"398\" src=\"https:\/\/www.noticiashondurashn.com\/wp-content\/uploads\/2025\/11\/img_3843-650x398.jpg\" class=\"wp-image-19404\" srcset=\"http:\/\/www.noticiashondurashn.com\/wp-content\/uploads\/2025\/11\/img_3843-650x398.jpg 650w, http:\/\/www.noticiashondurashn.com\/wp-content\/uploads\/2025\/11\/img_3843-300x183.jpg 300w, http:\/\/www.noticiashondurashn.com\/wp-content\/uploads\/2025\/11\/img_3843-768x470.jpg 768w, http:\/\/www.noticiashondurashn.com\/wp-content\/uploads\/2025\/11\/img_3843-1536x939.jpg 1536w, http:\/\/www.noticiashondurashn.com\/wp-content\/uploads\/2025\/11\/img_3843.jpg 1586w\" sizes=\"(max-width: 650px) 100vw, 650px\" \/><\/figure>\n\n\n\n<p>Consideran que es urgente atender los temas pendientes, evitando la obstaculizaci\u00f3n del funcionamiento del Poder Legislativo.<\/p>\n\n\n\n<p>Entre los firmantes se encuentra la diputada Maribel Espinoza del partido Liberal, Ligia Ramos del partido Salvador de Honduras y Jorge Zelaya y Johana Berm\u00fadez del partido Nacional.<\/p>\n","protected":false},"excerpt":{"rendered":"<p>Un grupo de diputados del Congreso Nacional, solicit\u00f3 al presidente del Legislativo, Luis Redondo, convocar de manera inmediata a sesi\u00f3n<\/p>\n","protected":false},"author":1,"featured_media":0,"comment_status":"closed","ping_status":"open","sticky":false,"template":"","format":"standard","meta":[],"categories":[126,13],"tags":[78,54,8,3,50,115],"_links":{"self":[{"href":"http:\/\/www.noticiashondurashn.com\/index.php?rest_route=\/wp\/v2\/posts\/19405"}],"collection":[{"href":"http:\/\/www.noticiashondurashn.com\/index.php?rest_route=\/wp\/v2\/posts"}],"about":[{"href":"http:\/\/www.noticiashondurashn.com\/index.php?rest_route=\/wp\/v2\/types\/post"}],"author":[{"embeddable":true,"href":"http:\/\/www.noticiashondurashn.com\/index.php?rest_route=\/wp\/v2\/users\/1"}],"replies":[{"embeddable":true,"href":"http:\/\/www.noticiashondurashn.com\/index.php?rest_route=%2Fwp%2Fv2%2Fcomments&post=19405"}],"version-history":[{"count":1,"href":"http:\/\/www.noticiashondurashn.com\/index.php?rest_route=\/wp\/v2\/posts\/19405\/revisions"}],"predecessor-version":[{"id":19406,"href":"http:\/\/www.noticiashondurashn.com\/index.php?rest_route=\/wp\/v2\/posts\/19405\/revisions\/19406"}],"wp:attachment":[{"href":"http:\/\/www.noticiashondurashn.com\/index.php?rest_route=%2Fwp%2Fv2%2Fmedia&parent=19405"}],"wp:term":[{"taxonomy":"category","embeddable":true,"href":"http:\/\/www.noticiashondurashn.com\/index.php?rest_route=%2Fwp%2Fv2%2Fcategories&post=19405"},{"taxonomy":"post_tag","embeddable":true,"href":"http:\/\/www.noticiashondurashn.com\/index.php?rest_route=%2Fwp%2Fv2%2Ftags&post=19405"}],"curies":[{"name":"wp","href":"https:\/\/api.w.org\/{rel}","templated":true}]}}