{"id":19298,"date":"2025-10-17T11:06:40","date_gmt":"2025-10-17T17:06:40","guid":{"rendered":"https:\/\/www.noticiashondurashn.com\/?p=19298"},"modified":"2025-10-17T11:06:40","modified_gmt":"2025-10-17T17:06:40","slug":"ofraneh-denuncia-a-televicentro-por-incitacion-al-odio-racial","status":"publish","type":"post","link":"http:\/\/www.noticiashondurashn.com\/?p=19298","title":{"rendered":"Ofraneh denuncia a Televicentro por incitaci\u00f3n al odio racial"},"content":{"rendered":"\n<p>La Organizaci\u00f3n Fraternal Negra Hondure\u00f1a (Ofraneh) present\u00f3 ante el Ministerio P\u00fablico una denuncia penal por el delito de incitaci\u00f3n a la discriminaci\u00f3n, contra Compa\u00f1ia Televisora Hondure\u00f1a S.A. (Corporaci\u00f3n Televicentro).<\/p>\n\n\n\n<p>La denuncia abarca a su presidente Rafael Villeda Ferrari, los periodistas Edgardo Melgar, Ram\u00f3n Matute, Renato \u00c1lvarez y los ciudadanos Allan Bern\u00e1rdez, Julio Chi Ham, Fran\u00e7ois Ligeard, Antal Borcsok, Eduardo Facuss\u00e9, Bernard Martinez y Luis Madrid.<\/p>\n\n\n\n<p>A criterio de la organizaci\u00f3n los acusados participaron en una campa\u00f1a medi\u00e1tica racista y de odio dirigida contra el pueblo gar\u00edfuna.<\/p>\n\n\n\n<p>Explica que entre los d\u00edas 6 y 9 de octubre de 2025, los programas \"Hoy Mismo\", \"TN5 Matutino\", \"Frente a Frente\" y el portal digital \"TuNota\", todos pertenecientes a Televicentro, difundieron mensajes y comentarios cargados de prejuicios raciales, en los que se present\u00f3 a las comunidades y a la Ofraneh como delincuentes, invasoras, enemigas del desarrollo y distribuidoras de droga y alcohol.<\/p>\n\n\n\n<p>La Ofraneh considera que esas expresiones vulneran los derechos al honor, a la igualdad y a la dignidad, protegidos por la Constituci\u00f3n de la Rep\u00fablica, la Convenci\u00f3n Americana sobre Derechos Humanos, la Convenci\u00f3n Internacional sobre la Eliminaci\u00f3n de Todas las Formas de Discriminaci\u00f3n Racial y el Convenio 169 de la OIT.<\/p>\n\n\n\n<figure class=\"wp-block-image size-large\"><img decoding=\"async\" loading=\"lazy\" width=\"650\" height=\"488\" src=\"https:\/\/www.noticiashondurashn.com\/wp-content\/uploads\/2025\/10\/img_3694-650x488.jpg\" class=\"wp-image-19297\" srcset=\"http:\/\/www.noticiashondurashn.com\/wp-content\/uploads\/2025\/10\/img_3694-650x488.jpg 650w, http:\/\/www.noticiashondurashn.com\/wp-content\/uploads\/2025\/10\/img_3694-300x225.jpg 300w, http:\/\/www.noticiashondurashn.com\/wp-content\/uploads\/2025\/10\/img_3694.jpg 750w\" sizes=\"(max-width: 650px) 100vw, 650px\" \/><\/figure>\n\n\n\n<p>A\u00f1ade que lo ocurrido no constituye un simple ejercicio de libertad de expresi\u00f3n y \u201cse trata de una campa\u00f1a organizada de odio medi\u00e1tico, que utiliza el poder de la comunicaci\u00f3n para desacreditar la lucha legitima de nuestras comunidades por el territorio ancestral, criminalizando nuestras acciones y promoviendo hostilidad racial hacia el pueblo garifuna\u201d.<\/p>\n\n\n\n<p>La organizaci\u00f3n afirma que las comunidades Garifunas son las leg\u00edtimas due\u00f1as de su territorio ancestral, por tanto no son invasores. \u201cEste derecho ha sido reconocido por la Corte Interamericana de Derechos Humanos (Corte IDH), misma que ha condenado internacionalmente al Estado de Honduras en los casos de Triunfo de la Cruz, Punta Piedra y San Juan, mientras otros tres (3) casos se encaminan a nuevas sentencias por la violaci\u00f3n de los derechos territoriales y culturales del pueblo Garifuna\u201d, finaliza el comunicado.<\/p>\n","protected":false},"excerpt":{"rendered":"<p>La Organizaci\u00f3n Fraternal Negra Hondure\u00f1a (Ofraneh) present\u00f3 ante el Ministerio P\u00fablico una denuncia penal por el delito de incitaci\u00f3n a<\/p>\n","protected":false},"author":1,"featured_media":19297,"comment_status":"closed","ping_status":"open","sticky":false,"template":"","format":"standard","meta":[],"categories":[34,13],"tags":[78,3,76,35,115],"_links":{"self":[{"href":"http:\/\/www.noticiashondurashn.com\/index.php?rest_route=\/wp\/v2\/posts\/19298"}],"collection":[{"href":"http:\/\/www.noticiashondurashn.com\/index.php?rest_route=\/wp\/v2\/posts"}],"about":[{"href":"http:\/\/www.noticiashondurashn.com\/index.php?rest_route=\/wp\/v2\/types\/post"}],"author":[{"embeddable":true,"href":"http:\/\/www.noticiashondurashn.com\/index.php?rest_route=\/wp\/v2\/users\/1"}],"replies":[{"embeddable":true,"href":"http:\/\/www.noticiashondurashn.com\/index.php?rest_route=%2Fwp%2Fv2%2Fcomments&post=19298"}],"version-history":[{"count":1,"href":"http:\/\/www.noticiashondurashn.com\/index.php?rest_route=\/wp\/v2\/posts\/19298\/revisions"}],"predecessor-version":[{"id":19299,"href":"http:\/\/www.noticiashondurashn.com\/index.php?rest_route=\/wp\/v2\/posts\/19298\/revisions\/19299"}],"wp:featuredmedia":[{"embeddable":true,"href":"http:\/\/www.noticiashondurashn.com\/index.php?rest_route=\/wp\/v2\/media\/19297"}],"wp:attachment":[{"href":"http:\/\/www.noticiashondurashn.com\/index.php?rest_route=%2Fwp%2Fv2%2Fmedia&parent=19298"}],"wp:term":[{"taxonomy":"category","embeddable":true,"href":"http:\/\/www.noticiashondurashn.com\/index.php?rest_route=%2Fwp%2Fv2%2Fcategories&post=19298"},{"taxonomy":"post_tag","embeddable":true,"href":"http:\/\/www.noticiashondurashn.com\/index.php?rest_route=%2Fwp%2Fv2%2Ftags&post=19298"}],"curies":[{"name":"wp","href":"https:\/\/api.w.org\/{rel}","templated":true}]}}