{"id":19295,"date":"2025-10-17T17:10:13","date_gmt":"2025-10-17T23:10:13","guid":{"rendered":"https:\/\/www.noticiashondurashn.com\/?p=19295"},"modified":"2025-10-17T17:10:13","modified_gmt":"2025-10-17T23:10:13","slug":"cph-pide-a-ofraneh-no-dejarse-instrumentalizar-para-perseguir-medios-de-comunicacion","status":"publish","type":"post","link":"http:\/\/www.noticiashondurashn.com\/?p=19295","title":{"rendered":"CPH pide a Ofraneh no dejarse instrumentalizar para perseguir medios de comunicaci\u00f3n"},"content":{"rendered":"\n<p>El Colegio de Periodistas de Honduras (CPH) condena y se solidariza con los agremiados: Edgardo Melgar, Renato \u00c1lvarez y Ram\u00f3n Matute, ante la reciente denuncia de la Organizaci\u00f3n Fraternal Negra Hondure\u00f1a (Ofraneh) interpuesta ante el Ministerio P\u00fablico (MP) en contra de varias personas, entre ellos los periodistas mencionados.<\/p>\n\n\n\n<p>En un comunicado difundido hoy, el CPH afirma un llama la atenci\u00f3n que personajes del actual gobierno, con cargos relevante en el sistema de justicia, se den a la tarea de difundir en los chats, im\u00e1genes de la denuncia, donde se les acusa a los medios asociados a Televicentro de promover el odio contra las comunidades gar\u00edfunas.<\/p>\n\n\n\n<p>\u201cLa junta directiva espera que el gobierno de Xiomara Castro no se preste ni promueva estas acciones, utilizando de mampara a organizaciones civiles, cuya lucha deber\u00eda ser, precisamente, por la protecci\u00f3n de ciertos valores, entre ellos la libertad de prensa y de expresi\u00f3n, a la que todos tenemos derecho\u201d, apunta la nota.<\/p>\n\n\n\n<p>El CPH considera la denuncia como una argucia contra la prensa, como un arma que dispara contra ciertos periodistas. \u201cRespetamos los derechos del pueblo gar\u00edfuna, al que la prensa siempre ha defendido, y esperamos que no se dejen instrumentalizar para perseguir a medios de comunicaci\u00f3n y a ciertos periodistas, de manera particular\u201d.<\/p>\n\n\n\n<figure class=\"wp-block-image size-large\"><img decoding=\"async\" loading=\"lazy\" width=\"300\" height=\"177\" src=\"https:\/\/www.noticiashondurashn.com\/wp-content\/uploads\/2025\/10\/img_3695-300x177.jpg\" class=\"wp-image-19300\" srcset=\"http:\/\/www.noticiashondurashn.com\/wp-content\/uploads\/2025\/10\/img_3695-300x177.jpg 300w, http:\/\/www.noticiashondurashn.com\/wp-content\/uploads\/2025\/10\/img_3695.jpg 509w\" sizes=\"(max-width: 300px) 100vw, 300px\" \/><figcaption class=\"wp-element-caption\">Renato Alvarez <\/figcaption><\/figure>\n\n\n\n<p>La organizaci\u00f3n tambi\u00e9n rechaza cualquier acci\u00f3n promovida desde punto de vista ideol\u00f3gico pol\u00edtico que pudiera existir en dicha denuncia en contra de los periodistas.<\/p>\n\n\n\n<p>Finalmente pone en alerta a aquellas organizaciones que pudieran ser instrumentalizadas desde el poder, en contra de los comunicadores, que el derecho a informar y ser informado, es parte a la libertad de expresi\u00f3n.<\/p>\n","protected":false},"excerpt":{"rendered":"<p>El Colegio de Periodistas de Honduras (CPH) condena y se solidariza con los agremiados: Edgardo Melgar, Renato \u00c1lvarez y Ram\u00f3n<\/p>\n","protected":false},"author":1,"featured_media":19300,"comment_status":"closed","ping_status":"open","sticky":false,"template":"","format":"standard","meta":[],"categories":[34,13],"tags":[76,35,115],"_links":{"self":[{"href":"http:\/\/www.noticiashondurashn.com\/index.php?rest_route=\/wp\/v2\/posts\/19295"}],"collection":[{"href":"http:\/\/www.noticiashondurashn.com\/index.php?rest_route=\/wp\/v2\/posts"}],"about":[{"href":"http:\/\/www.noticiashondurashn.com\/index.php?rest_route=\/wp\/v2\/types\/post"}],"author":[{"embeddable":true,"href":"http:\/\/www.noticiashondurashn.com\/index.php?rest_route=\/wp\/v2\/users\/1"}],"replies":[{"embeddable":true,"href":"http:\/\/www.noticiashondurashn.com\/index.php?rest_route=%2Fwp%2Fv2%2Fcomments&post=19295"}],"version-history":[{"count":2,"href":"http:\/\/www.noticiashondurashn.com\/index.php?rest_route=\/wp\/v2\/posts\/19295\/revisions"}],"predecessor-version":[{"id":19301,"href":"http:\/\/www.noticiashondurashn.com\/index.php?rest_route=\/wp\/v2\/posts\/19295\/revisions\/19301"}],"wp:featuredmedia":[{"embeddable":true,"href":"http:\/\/www.noticiashondurashn.com\/index.php?rest_route=\/wp\/v2\/media\/19300"}],"wp:attachment":[{"href":"http:\/\/www.noticiashondurashn.com\/index.php?rest_route=%2Fwp%2Fv2%2Fmedia&parent=19295"}],"wp:term":[{"taxonomy":"category","embeddable":true,"href":"http:\/\/www.noticiashondurashn.com\/index.php?rest_route=%2Fwp%2Fv2%2Fcategories&post=19295"},{"taxonomy":"post_tag","embeddable":true,"href":"http:\/\/www.noticiashondurashn.com\/index.php?rest_route=%2Fwp%2Fv2%2Ftags&post=19295"}],"curies":[{"name":"wp","href":"https:\/\/api.w.org\/{rel}","templated":true}]}}