{"id":18833,"date":"2025-06-12T10:48:00","date_gmt":"2025-06-12T16:48:00","guid":{"rendered":"https:\/\/www.noticiashondurashn.com\/?p=18833"},"modified":"2025-06-13T10:48:54","modified_gmt":"2025-06-13T16:48:54","slug":"registran-35-agresiones-a-periodistas-durante-manifestaciones-contra-redadas-en-eeuu","status":"publish","type":"post","link":"http:\/\/www.noticiashondurashn.com\/?p=18833","title":{"rendered":"Registran 35 agresiones a periodistas durante manifestaciones contra redadas en EEUU"},"content":{"rendered":"\n<p><strong>Diversas organizaciones&nbsp;<\/strong>denunciaron un saldo significativo de&nbsp;<strong>agresiones en contra de periodistas<\/strong>&nbsp;derivado del clima de tensi\u00f3n que rodea las&nbsp;<strong>manifestaciones contra<\/strong> las redadas migratorias del gobierno de Estados Unidos en&nbsp;<strong>Los \u00c1ngeles.<\/strong><\/p>\n\n\n\n<p>De acuerdo con datos recientes documentados por&nbsp;<strong>Reporteros Sin Fronteras (RSF)<\/strong>&nbsp;<strong>al menos 35 ataques a reporteros<\/strong> y no menos de 27 perpetrados por fuerzas de seguridad.<\/p>\n\n\n\n<p>Las cifras, respaldadas por testimonios y material audiovisual, incluyen&nbsp;<strong>detenciones arbitrarias<\/strong>,&nbsp;<strong>agresiones f\u00edsicas<\/strong>&nbsp;y el uso indiscriminado de balas de goma y gas pimienta contra profesionales que cubr\u00edan los acontecimientos.<\/p>\n\n\n\n<p>\"La&nbsp;<strong>ola de violencia contra los periodistas&nbsp;<\/strong>en las calles de&nbsp;<strong>Los \u00c1ngeles<\/strong>&nbsp;es inaceptable. Estas protestas son una cuesti\u00f3n de gran&nbsp;<strong>inter\u00e9s p\u00fablico<\/strong>&nbsp;y el p\u00fablico tiene derecho a saber exactamente lo que est\u00e1 pasando. La \u00fanica forma en que puede suceder es si a los&nbsp;<strong>periodistas<\/strong>&nbsp;se les permite<strong>&nbsp;hacer su trabajo libremente<\/strong>\", dijo&nbsp;<strong>Clayton Weimers<\/strong>,&nbsp;<strong>Director Ejecutivo de RSF USA.<\/strong><\/p>\n\n\n\n<figure class=\"wp-block-image size-large\"><img decoding=\"async\" loading=\"lazy\" width=\"650\" height=\"395\" src=\"https:\/\/www.noticiashondurashn.com\/wp-content\/uploads\/2025\/06\/img_2976-1-650x395.jpg\" class=\"wp-image-18831\" srcset=\"http:\/\/www.noticiashondurashn.com\/wp-content\/uploads\/2025\/06\/img_2976-1-650x395.jpg 650w, http:\/\/www.noticiashondurashn.com\/wp-content\/uploads\/2025\/06\/img_2976-1-300x182.jpg 300w, http:\/\/www.noticiashondurashn.com\/wp-content\/uploads\/2025\/06\/img_2976-1-768x467.jpg 768w, http:\/\/www.noticiashondurashn.com\/wp-content\/uploads\/2025\/06\/img_2976-1.jpg 989w\" sizes=\"(max-width: 650px) 100vw, 650px\" \/><\/figure>\n\n\n\n<p>Esta alarma es compartida por&nbsp;<strong>el Comit\u00e9 para la Protecci\u00f3n de los Periodistas (CPJ), la Coalici\u00f3n de la Primera Enmienda&nbsp;<\/strong>y la&nbsp;<strong>Freedom of the Press Foundation<\/strong>, que remitieron una carta a la secretaria de Seguridad Nacional estadounidense,&nbsp;<strong>Kristi Noem<\/strong>, preguntando si existe una directriz que autorice a los agentes a&nbsp;<strong>neutralizar&nbsp;<\/strong>la<strong>&nbsp;cobertura medi\u00e1tica.&nbsp;<\/strong><\/p>\n\n\n\n<p>Entre los casos documentados figuran&nbsp;<strong>dos reporteras<\/strong>&nbsp;de televisi\u00f3n australiana; un&nbsp;<strong>fot\u00f3grafo<\/strong>&nbsp;brit\u00e1nico que requiri\u00f3 cirug\u00eda de urgencia tras el impacto de un proyectil; un&nbsp;<strong>corresponsal<\/strong>&nbsp;del&nbsp;<em>New York Post<\/em>&nbsp;que sufri\u00f3 un hematoma frontal, un&nbsp;<strong>periodista de<\/strong>&nbsp;<em>The Telegraph<\/em>&nbsp;y un&nbsp;<strong>documentalista<\/strong>, que fueron golpeados por balas de goma.<\/p>\n\n\n\n<p>Asimismo, un reportero de&nbsp;<em>The Southlander<\/em>, denunci\u00f3&nbsp;<strong>dos disparos directos<\/strong> con proyectiles no letales y equipo de&nbsp;<em>CNN<\/em>&nbsp;fue<strong>&nbsp;retenido&nbsp;<\/strong>por agentes la noche del lunes y liberado horas despu\u00e9s sin cargos.<\/p>\n\n\n\n<figure class=\"wp-block-image size-large\"><img decoding=\"async\" loading=\"lazy\" width=\"650\" height=\"366\" src=\"https:\/\/www.noticiashondurashn.com\/wp-content\/uploads\/2025\/06\/img_2975-1-650x366.jpg\" class=\"wp-image-18832\" srcset=\"http:\/\/www.noticiashondurashn.com\/wp-content\/uploads\/2025\/06\/img_2975-1-650x366.jpg 650w, http:\/\/www.noticiashondurashn.com\/wp-content\/uploads\/2025\/06\/img_2975-1-300x169.jpg 300w, http:\/\/www.noticiashondurashn.com\/wp-content\/uploads\/2025\/06\/img_2975-1-768x432.jpg 768w, http:\/\/www.noticiashondurashn.com\/wp-content\/uploads\/2025\/06\/img_2975-1.jpg 1200w\" sizes=\"(max-width: 650px) 100vw, 650px\" \/><\/figure>\n\n\n\n<p>De acuerdo con la agencia<em>&nbsp;AP<\/em>, no todos los&nbsp;<strong>ataques<\/strong>&nbsp;provinieron de la polic\u00eda, pues el fot\u00f3grafo de dicha agencia,&nbsp;<strong>Jae Hong,<\/strong>fue golpeado y pateado por&nbsp;<strong>manifestantes<\/strong>, aunque logr\u00f3 salir ileso gracias a su equipo de protecci\u00f3n.<\/p>\n\n\n\n<p>Las organizaciones pidieron una investigaci\u00f3n<strong> independiente<\/strong>&nbsp;que delimite responsabilidades y garantice la&nbsp;<strong>seguridad de la prensa<\/strong>&nbsp;en las coberturas, en el contexto de la&nbsp;<strong>Primera Enmienda<\/strong>&nbsp;que protege expresamente el&nbsp;<strong>derecho a informar<\/strong>, incluyendo los episodios de&nbsp;<strong>movilizaci\u00f3n social<\/strong>.<\/p>\n","protected":false},"excerpt":{"rendered":"<p>Diversas organizaciones&nbsp;denunciaron un saldo significativo de&nbsp;agresiones en contra de periodistas&nbsp;derivado del clima de tensi\u00f3n que rodea las&nbsp;manifestaciones contra las redadas<\/p>\n","protected":false},"author":1,"featured_media":18832,"comment_status":"closed","ping_status":"open","sticky":false,"template":"","format":"standard","meta":[],"categories":[41,34],"tags":[32,76,35],"_links":{"self":[{"href":"http:\/\/www.noticiashondurashn.com\/index.php?rest_route=\/wp\/v2\/posts\/18833"}],"collection":[{"href":"http:\/\/www.noticiashondurashn.com\/index.php?rest_route=\/wp\/v2\/posts"}],"about":[{"href":"http:\/\/www.noticiashondurashn.com\/index.php?rest_route=\/wp\/v2\/types\/post"}],"author":[{"embeddable":true,"href":"http:\/\/www.noticiashondurashn.com\/index.php?rest_route=\/wp\/v2\/users\/1"}],"replies":[{"embeddable":true,"href":"http:\/\/www.noticiashondurashn.com\/index.php?rest_route=%2Fwp%2Fv2%2Fcomments&post=18833"}],"version-history":[{"count":1,"href":"http:\/\/www.noticiashondurashn.com\/index.php?rest_route=\/wp\/v2\/posts\/18833\/revisions"}],"predecessor-version":[{"id":18834,"href":"http:\/\/www.noticiashondurashn.com\/index.php?rest_route=\/wp\/v2\/posts\/18833\/revisions\/18834"}],"wp:featuredmedia":[{"embeddable":true,"href":"http:\/\/www.noticiashondurashn.com\/index.php?rest_route=\/wp\/v2\/media\/18832"}],"wp:attachment":[{"href":"http:\/\/www.noticiashondurashn.com\/index.php?rest_route=%2Fwp%2Fv2%2Fmedia&parent=18833"}],"wp:term":[{"taxonomy":"category","embeddable":true,"href":"http:\/\/www.noticiashondurashn.com\/index.php?rest_route=%2Fwp%2Fv2%2Fcategories&post=18833"},{"taxonomy":"post_tag","embeddable":true,"href":"http:\/\/www.noticiashondurashn.com\/index.php?rest_route=%2Fwp%2Fv2%2Ftags&post=18833"}],"curies":[{"name":"wp","href":"https:\/\/api.w.org\/{rel}","templated":true}]}}